{"id":6228,"date":"2026-09-03T15:18:35","date_gmt":"2026-09-03T14:18:35","guid":{"rendered":"https:\/\/www.aeirmaospassos.pt\/?p=6228"},"modified":"2026-09-03T15:18:35","modified_gmt":"2026-09-03T14:18:35","slug":"entrega-de-manuais-escolares-2-o-e-3-o-ciclos-de-escolaridade-2026-2027","status":"publish","type":"post","link":"https:\/\/www.aeirmaospassos.pt\/?p=6228","title":{"rendered":"Entrega de Manuais Escolares 2.\u00ba e 3.\u00ba ciclos de escolaridade \u2013 2026\/2027"},"content":{"rendered":"<div class=\"entry-content\">\n<div>\n<div>\n<p>Os Encarregados de Educa\u00e7\u00e3o dever\u00e3o levantar os manuais escolares na Escola que os alunos frequentam<\/p>\n<p>EB Irm\u00e3os Passos\u00a0ou\u00a0EB de Cust\u00f3ias\u00a0\u2013 nas seguintes datas:<\/p>\n<p>9 e 10 de setembro\u00a0 2026 , das 08:00 horas \u00e0s 18:00 horas<\/p>\n<p>Notas importantes:<\/p>\n<p><em>* N\u00e3o ser\u00e3o entregues manuais nos dias 11 e 14 de setembro;<\/em><\/p>\n<p><em>* Caso n\u00e3o seja poss\u00edvel o Encarregado Educa\u00e7\u00e3o efetuar o levantamento dos manuais dever\u00e1 emitir uma declara\u00e7\u00e3o autorizando uma outra pessoa, a declara\u00e7\u00e3o dever\u00e1 identificar o nome e n\u00famero de cart\u00e3o de cidad\u00e3o da pessoa em causa.<\/em><\/p>\n<p><em>* Fora das datas estipuladas, s\u00f3 ser\u00e3o entregues os manuais com marca\u00e7\u00e3o pr\u00e9via.<\/em><\/p>\n<\/div>\n<\/div>\n<\/div>\n","protected":false},"excerpt":{"rendered":"<p>Os Encarregados de Educa\u00e7\u00e3o dever\u00e3o levantar os manuais escolares na Escola que os alunos frequentam EB Irm\u00e3os Passos\u00a0ou\u00a0EB de Cust\u00f3ias\u00a0\u2013 nas seguintes datas: 9 e 10 de setembro\u00a0 2026 , das 08:00 horas \u00e0s 18:00 horas Notas importantes: * N\u00e3o&#8230;<\/p>\n","protected":false},"author":1,"featured_media":5285,"comment_status":"closed","ping_status":"closed","sticky":false,"template":"","format":"standard","meta":{"footnotes":""},"categories":[1],"tags":[],"class_list":["post-6228","post","type-post","status-publish","format-standard","has-post-thumbnail","hentry","category-destaques"],"_links":{"self":[{"href":"https:\/\/www.aeirmaospassos.pt\/index.php?rest_route=\/wp\/v2\/posts\/6228","targetHints":{"allow":["GET"]}}],"collection":[{"href":"https:\/\/www.aeirmaospassos.pt\/index.php?rest_route=\/wp\/v2\/posts"}],"about":[{"href":"https:\/\/www.aeirmaospassos.pt\/index.php?rest_route=\/wp\/v2\/types\/post"}],"author":[{"embeddable":true,"href":"https:\/\/www.aeirmaospassos.pt\/index.php?rest_route=\/wp\/v2\/users\/1"}],"replies":[{"embeddable":true,"href":"https:\/\/www.aeirmaospassos.pt\/index.php?rest_route=%2Fwp%2Fv2%2Fcomments&post=6228"}],"version-history":[{"count":1,"href":"https:\/\/www.aeirmaospassos.pt\/index.php?rest_route=\/wp\/v2\/posts\/6228\/revisions"}],"predecessor-version":[{"id":6229,"href":"https:\/\/www.aeirmaospassos.pt\/index.php?rest_route=\/wp\/v2\/posts\/6228\/revisions\/6229"}],"wp:featuredmedia":[{"embeddable":true,"href":"https:\/\/www.aeirmaospassos.pt\/index.php?rest_route=\/wp\/v2\/media\/5285"}],"wp:attachment":[{"href":"https:\/\/www.aeirmaospassos.pt\/index.php?rest_route=%2Fwp%2Fv2%2Fmedia&parent=6228"}],"wp:term":[{"taxonomy":"category","embeddable":true,"href":"https:\/\/www.aeirmaospassos.pt\/index.php?rest_route=%2Fwp%2Fv2%2Fcategories&post=6228"},{"taxonomy":"post_tag","embeddable":true,"href":"https:\/\/www.aeirmaospassos.pt\/index.php?rest_route=%2Fwp%2Fv2%2Ftags&post=6228"}],"curies":[{"name":"wp","href":"https:\/\/api.w.org\/{rel}","templated":true}]}}