{"id":5901,"date":"2025-09-01T17:11:13","date_gmt":"2025-09-01T16:11:13","guid":{"rendered":"https:\/\/www.aeirmaospassos.pt\/?p=5901"},"modified":"2025-09-01T17:11:13","modified_gmt":"2025-09-01T16:11:13","slug":"servico-de-refeicoes-escolares-2025-2026","status":"publish","type":"post","link":"https:\/\/www.aeirmaospassos.pt\/?p=5901","title":{"rendered":"Servi\u00e7o de refei\u00e7\u00f5es escolares -2025-2026"},"content":{"rendered":"<p>Consulte as regras e as condi\u00e7\u00f5es de acesso ao servi\u00e7o de refei\u00e7\u00f5es e merendas escolares na rede p\u00fablica do concelho.<!--more--><\/p>\n<p><span style=\"color: #3366ff;\"><strong><a style=\"color: #3366ff;\" href=\"http:\/\/www.aeirmaospassos.pt\/wp-content\/uploads\/2025\/09\/MODALIDADES-DA-ACAO-SOCIAL-ESCOLAR-ANO-LETIVO-DE-2025_2026-VF-CME-retificado.pdf\">MODALIDADES DA A\u00c7\u00c3O SOCIAL ESCOLAR<\/a><\/strong><\/span><\/p>\n<p><span style=\"color: #3366ff;\"><strong><a style=\"color: #3366ff;\" href=\"http:\/\/www.aeirmaospassos.pt\/wp-content\/uploads\/2025\/09\/NORMAS-REFEICOES-E-MERENDAS-ESCOLARES-ANO-LETIVO-DE-2025_2026-VF.pdf\">NORMAS REFEI\u00c7\u00d5ES E MERENDAS ESCOLARES<\/a><\/strong><\/span><\/p>\n<p><span style=\"color: #3366ff;\"><strong><a style=\"color: #3366ff;\" href=\"http:\/\/www.aeirmaospassos.pt\/wp-content\/uploads\/2025\/09\/Flyer_Cartao-Escolar-Virtual_JI-1_compressed.pdf\">Cart\u00e3o Escolar Virtual_JI 1\u00ba Ciclo<\/a><\/strong><\/span><\/p>\n<p><span style=\"color: #3366ff;\"><strong><a style=\"color: #3366ff;\" href=\"http:\/\/www.aeirmaospassos.pt\/wp-content\/uploads\/2025\/09\/Flyer_Cartao-Escolar-Municipal_2o3o_compressed.pdf\">Cart\u00e3o Escolar Municipal_2\u00ba3\u00ba Ciclo<\/a><\/strong><\/span><\/p>\n<p>&nbsp;<\/p>\n<p>&nbsp;<\/p>\n","protected":false},"excerpt":{"rendered":"<p>Consulte as regras e as condi\u00e7\u00f5es de acesso ao servi\u00e7o de refei\u00e7\u00f5es e merendas escolares na rede p\u00fablica do concelho.<\/p>\n","protected":false},"author":1,"featured_media":3905,"comment_status":"closed","ping_status":"closed","sticky":false,"template":"","format":"standard","meta":{"footnotes":""},"categories":[1],"tags":[],"class_list":["post-5901","post","type-post","status-publish","format-standard","has-post-thumbnail","hentry","category-destaques"],"_links":{"self":[{"href":"https:\/\/www.aeirmaospassos.pt\/index.php?rest_route=\/wp\/v2\/posts\/5901","targetHints":{"allow":["GET"]}}],"collection":[{"href":"https:\/\/www.aeirmaospassos.pt\/index.php?rest_route=\/wp\/v2\/posts"}],"about":[{"href":"https:\/\/www.aeirmaospassos.pt\/index.php?rest_route=\/wp\/v2\/types\/post"}],"author":[{"embeddable":true,"href":"https:\/\/www.aeirmaospassos.pt\/index.php?rest_route=\/wp\/v2\/users\/1"}],"replies":[{"embeddable":true,"href":"https:\/\/www.aeirmaospassos.pt\/index.php?rest_route=%2Fwp%2Fv2%2Fcomments&post=5901"}],"version-history":[{"count":1,"href":"https:\/\/www.aeirmaospassos.pt\/index.php?rest_route=\/wp\/v2\/posts\/5901\/revisions"}],"predecessor-version":[{"id":5906,"href":"https:\/\/www.aeirmaospassos.pt\/index.php?rest_route=\/wp\/v2\/posts\/5901\/revisions\/5906"}],"wp:featuredmedia":[{"embeddable":true,"href":"https:\/\/www.aeirmaospassos.pt\/index.php?rest_route=\/wp\/v2\/media\/3905"}],"wp:attachment":[{"href":"https:\/\/www.aeirmaospassos.pt\/index.php?rest_route=%2Fwp%2Fv2%2Fmedia&parent=5901"}],"wp:term":[{"taxonomy":"category","embeddable":true,"href":"https:\/\/www.aeirmaospassos.pt\/index.php?rest_route=%2Fwp%2Fv2%2Fcategories&post=5901"},{"taxonomy":"post_tag","embeddable":true,"href":"https:\/\/www.aeirmaospassos.pt\/index.php?rest_route=%2Fwp%2Fv2%2Ftags&post=5901"}],"curies":[{"name":"wp","href":"https:\/\/api.w.org\/{rel}","templated":true}]}}