{"id":5841,"date":"2025-06-06T10:44:15","date_gmt":"2025-06-06T09:44:15","guid":{"rendered":"http:\/\/www.aeirmaospassos.pt\/?p=5841"},"modified":"2025-06-06T11:13:56","modified_gmt":"2025-06-06T10:13:56","slug":"candidatura-ao-subsidio-de-acao-social-escolar-2025-2026","status":"publish","type":"post","link":"https:\/\/www.aeirmaospassos.pt\/?p=5841","title":{"rendered":"Candidatura ao Subs\u00eddio de A\u00e7\u00e3o Social Escolar 2025\/2026"},"content":{"rendered":"<header class=\"entry-header\">\n<h1 class=\"entry-title\"><span style=\"font-size: 16px;\">Avisam-se todos os Encarregados de Educa\u00e7\u00e3o que o prazo de candidatura ao Subs\u00eddio de A\u00e7\u00e3o Social Escolar para os alunos que ir\u00e3o efetuar\/renovar a matr\u00edcula para o ano letivo de 2025\/2026, decorre entre <\/span><strong style=\"font-size: 16px;\"><u>de 2 de junho a 4 de julho de 2025<\/u><\/strong><span style=\"font-size: 16px;\">.<\/span><\/h1>\n<\/header>\n<p><!--more--><\/p>\n<div class=\"entry-content\">\n<p>A candidatura pode ser efetuada atrav\u00e9s do formul\u00e1rio eletr\u00f3nico (caso seja utilizador de conta Gmail) dispon\u00edvel online<strong>\u00a0<span style=\"color: #0000ff;\"><a style=\"color: #0000ff;\" href=\"https:\/\/forms.gle\/GwwkPWiEYn1gKt9s9\">AQUI<\/a><\/span><\/strong><\/p>\n<p>Poder\u00e1 ainda imprimir o documento\u00a0<a href=\"http:\/\/www.aeirmaospassos.pt\/wp-content\/uploads\/2025\/06\/Formulario-Candidatura-ao-ASE-2025-2026.pdf\"><span style=\"color: #0000ff;\"><strong>AQUI<\/strong><\/span><\/a> e devolver preenchido atrav\u00e9s do endere\u00e7o eletr\u00f3nico<span style=\"color: #0000ff;\">\u00a0<a style=\"color: #0000ff;\" href=\"mailto:alunos@aeip.pt\">alunos@aeip.pt<\/a>\u00a0<\/span>com a indica\u00e7\u00e3o no assunto \u201c<strong>Candidatura ao ASE<\/strong>\u201d, ou presencialmente (excecionalmente) nos servi\u00e7os administrativos mediante agendamento pr\u00e9vio (telefone\u00a0<strong>229520565<\/strong>\u00a0op\u00e7\u00e3o secretaria\/a\u00e7\u00e3o social escolar).<\/p>\n<\/div>\n","protected":false},"excerpt":{"rendered":"<p>Avisam-se todos os Encarregados de Educa\u00e7\u00e3o que o prazo de candidatura ao Subs\u00eddio de A\u00e7\u00e3o Social Escolar para os alunos que ir\u00e3o efetuar\/renovar a matr\u00edcula para o ano letivo de 2025\/2026, decorre entre de 2 de junho a 4 de&#8230;<\/p>\n","protected":false},"author":1,"featured_media":5842,"comment_status":"closed","ping_status":"closed","sticky":false,"template":"","format":"standard","meta":{"footnotes":""},"categories":[1],"tags":[],"class_list":["post-5841","post","type-post","status-publish","format-standard","has-post-thumbnail","hentry","category-destaques"],"_links":{"self":[{"href":"https:\/\/www.aeirmaospassos.pt\/index.php?rest_route=\/wp\/v2\/posts\/5841","targetHints":{"allow":["GET"]}}],"collection":[{"href":"https:\/\/www.aeirmaospassos.pt\/index.php?rest_route=\/wp\/v2\/posts"}],"about":[{"href":"https:\/\/www.aeirmaospassos.pt\/index.php?rest_route=\/wp\/v2\/types\/post"}],"author":[{"embeddable":true,"href":"https:\/\/www.aeirmaospassos.pt\/index.php?rest_route=\/wp\/v2\/users\/1"}],"replies":[{"embeddable":true,"href":"https:\/\/www.aeirmaospassos.pt\/index.php?rest_route=%2Fwp%2Fv2%2Fcomments&post=5841"}],"version-history":[{"count":3,"href":"https:\/\/www.aeirmaospassos.pt\/index.php?rest_route=\/wp\/v2\/posts\/5841\/revisions"}],"predecessor-version":[{"id":5846,"href":"https:\/\/www.aeirmaospassos.pt\/index.php?rest_route=\/wp\/v2\/posts\/5841\/revisions\/5846"}],"wp:featuredmedia":[{"embeddable":true,"href":"https:\/\/www.aeirmaospassos.pt\/index.php?rest_route=\/wp\/v2\/media\/5842"}],"wp:attachment":[{"href":"https:\/\/www.aeirmaospassos.pt\/index.php?rest_route=%2Fwp%2Fv2%2Fmedia&parent=5841"}],"wp:term":[{"taxonomy":"category","embeddable":true,"href":"https:\/\/www.aeirmaospassos.pt\/index.php?rest_route=%2Fwp%2Fv2%2Fcategories&post=5841"},{"taxonomy":"post_tag","embeddable":true,"href":"https:\/\/www.aeirmaospassos.pt\/index.php?rest_route=%2Fwp%2Fv2%2Ftags&post=5841"}],"curies":[{"name":"wp","href":"https:\/\/api.w.org\/{rel}","templated":true}]}}