{"id":5815,"date":"2025-05-06T11:01:42","date_gmt":"2025-05-06T10:01:42","guid":{"rendered":"http:\/\/www.aeirmaospassos.pt\/?p=5815"},"modified":"2025-05-06T11:02:07","modified_gmt":"2025-05-06T10:02:07","slug":"orcamento-participativo-das-escolas-2025","status":"publish","type":"post","link":"https:\/\/www.aeirmaospassos.pt\/?p=5815","title":{"rendered":"OR\u00c7AMENTO PARTICIPATIVO DAS ESCOLAS 2025"},"content":{"rendered":"<div class=\"entry-content\">\n<div class=\"pum-content popmake-content\" tabindex=\"0\">\n<p>Nesta edi\u00e7\u00e3o e na do pr\u00f3ximo ano, os alunos devem apresentar propostas que relevem para Inclus\u00e3o e Bem-estar, com a\u00e7\u00f5es espec\u00edficas que fomentem a inclus\u00e3o de todos, mas sobretudo dos alunos mais vulner\u00e1veis e mais afetados pela pandemia.<\/p>\n<\/div>\n<p>Saber mais em <strong><a href=\"https:\/\/opescolas.pt\/\"><span style=\"color: #0000ff;\">https:\/\/opescolas.pt\/<\/span><\/a><\/strong><\/p>\n<\/div>\n<p><!--more--><\/p>\n<p><img loading=\"lazy\" decoding=\"async\" class=\"alignnone wp-image-5816\" src=\"http:\/\/www.aeirmaospassos.pt\/wp-content\/uploads\/2025\/05\/Captura-de-ecra-2025-05-06-110022-300x126.png\" alt=\"\" width=\"1050\" height=\"441\" srcset=\"https:\/\/www.aeirmaospassos.pt\/wp-content\/uploads\/2025\/05\/Captura-de-ecra-2025-05-06-110022-300x126.png 300w, https:\/\/www.aeirmaospassos.pt\/wp-content\/uploads\/2025\/05\/Captura-de-ecra-2025-05-06-110022-1024x430.png 1024w, https:\/\/www.aeirmaospassos.pt\/wp-content\/uploads\/2025\/05\/Captura-de-ecra-2025-05-06-110022-768x323.png 768w, https:\/\/www.aeirmaospassos.pt\/wp-content\/uploads\/2025\/05\/Captura-de-ecra-2025-05-06-110022.png 1319w\" sizes=\"auto, (max-width: 1050px) 100vw, 1050px\" \/><\/p>\n","protected":false},"excerpt":{"rendered":"<p>Nesta edi\u00e7\u00e3o e na do pr\u00f3ximo ano, os alunos devem apresentar propostas que relevem para Inclus\u00e3o e Bem-estar, com a\u00e7\u00f5es espec\u00edficas que fomentem a inclus\u00e3o de todos, mas sobretudo dos alunos mais vulner\u00e1veis e mais afetados pela pandemia. Saber mais&#8230;<\/p>\n","protected":false},"author":1,"featured_media":5459,"comment_status":"closed","ping_status":"closed","sticky":false,"template":"","format":"standard","meta":{"footnotes":""},"categories":[1],"tags":[],"class_list":["post-5815","post","type-post","status-publish","format-standard","has-post-thumbnail","hentry","category-destaques"],"_links":{"self":[{"href":"https:\/\/www.aeirmaospassos.pt\/index.php?rest_route=\/wp\/v2\/posts\/5815","targetHints":{"allow":["GET"]}}],"collection":[{"href":"https:\/\/www.aeirmaospassos.pt\/index.php?rest_route=\/wp\/v2\/posts"}],"about":[{"href":"https:\/\/www.aeirmaospassos.pt\/index.php?rest_route=\/wp\/v2\/types\/post"}],"author":[{"embeddable":true,"href":"https:\/\/www.aeirmaospassos.pt\/index.php?rest_route=\/wp\/v2\/users\/1"}],"replies":[{"embeddable":true,"href":"https:\/\/www.aeirmaospassos.pt\/index.php?rest_route=%2Fwp%2Fv2%2Fcomments&post=5815"}],"version-history":[{"count":1,"href":"https:\/\/www.aeirmaospassos.pt\/index.php?rest_route=\/wp\/v2\/posts\/5815\/revisions"}],"predecessor-version":[{"id":5817,"href":"https:\/\/www.aeirmaospassos.pt\/index.php?rest_route=\/wp\/v2\/posts\/5815\/revisions\/5817"}],"wp:featuredmedia":[{"embeddable":true,"href":"https:\/\/www.aeirmaospassos.pt\/index.php?rest_route=\/wp\/v2\/media\/5459"}],"wp:attachment":[{"href":"https:\/\/www.aeirmaospassos.pt\/index.php?rest_route=%2Fwp%2Fv2%2Fmedia&parent=5815"}],"wp:term":[{"taxonomy":"category","embeddable":true,"href":"https:\/\/www.aeirmaospassos.pt\/index.php?rest_route=%2Fwp%2Fv2%2Fcategories&post=5815"},{"taxonomy":"post_tag","embeddable":true,"href":"https:\/\/www.aeirmaospassos.pt\/index.php?rest_route=%2Fwp%2Fv2%2Ftags&post=5815"}],"curies":[{"name":"wp","href":"https:\/\/api.w.org\/{rel}","templated":true}]}}