{"id":5620,"date":"2024-10-17T16:19:12","date_gmt":"2024-10-17T15:19:12","guid":{"rendered":"http:\/\/www.aeirmaospassos.pt\/?p=5620"},"modified":"2024-10-17T16:20:04","modified_gmt":"2024-10-17T15:20:04","slug":"ja-comeste-fruta-hoje","status":"publish","type":"post","link":"https:\/\/www.aeirmaospassos.pt\/?p=5620","title":{"rendered":"J\u00e1 comeste fruta hoje?"},"content":{"rendered":"<p>No \u00e2mbito das comemora\u00e7\u00f5es do Dia Mundial da Alimenta\u00e7\u00e3o, a C\u00e2mara Municipal de Matosinhos ir\u00e1 iniciar o projeto <b>\u201cJ\u00e1 comeste <span class=\"il\">fruta<\/span> hoje?\u201d<\/b>, que consiste no alargamento da distribui\u00e7\u00e3o de <span class=\"il\">fruta<\/span> \u00e0s escolas do 2.\u00ba, 3.\u00ba ciclos e ensino secund\u00e1rio, possibilitando que todos os alunos, professores e pessoal n\u00e3o docente tenham diariamente acesso gratuito a <span class=\"il\">fruta<\/span> fresca para os seus lanches.<\/p>\n<p><img loading=\"lazy\" decoding=\"async\" class=\" wp-image-5621 aligncenter\" src=\"http:\/\/www.aeirmaospassos.pt\/wp-content\/uploads\/2024\/10\/fruta_post_a_1_2500_2500-240x300.jpg\" alt=\"\" width=\"634\" height=\"793\" srcset=\"https:\/\/www.aeirmaospassos.pt\/wp-content\/uploads\/2024\/10\/fruta_post_a_1_2500_2500-240x300.jpg 240w, https:\/\/www.aeirmaospassos.pt\/wp-content\/uploads\/2024\/10\/fruta_post_a_1_2500_2500-819x1024.jpg 819w, https:\/\/www.aeirmaospassos.pt\/wp-content\/uploads\/2024\/10\/fruta_post_a_1_2500_2500-768x960.jpg 768w, https:\/\/www.aeirmaospassos.pt\/wp-content\/uploads\/2024\/10\/fruta_post_a_1_2500_2500.jpg 1080w\" sizes=\"auto, (max-width: 634px) 100vw, 634px\" \/><\/p>\n<p><img loading=\"lazy\" decoding=\"async\" class=\" wp-image-5622 aligncenter\" src=\"http:\/\/www.aeirmaospassos.pt\/wp-content\/uploads\/2024\/10\/fruta_post_d_1_2500_2500-240x300.jpg\" alt=\"\" width=\"631\" height=\"789\" srcset=\"https:\/\/www.aeirmaospassos.pt\/wp-content\/uploads\/2024\/10\/fruta_post_d_1_2500_2500-240x300.jpg 240w, https:\/\/www.aeirmaospassos.pt\/wp-content\/uploads\/2024\/10\/fruta_post_d_1_2500_2500-819x1024.jpg 819w, https:\/\/www.aeirmaospassos.pt\/wp-content\/uploads\/2024\/10\/fruta_post_d_1_2500_2500-768x960.jpg 768w, https:\/\/www.aeirmaospassos.pt\/wp-content\/uploads\/2024\/10\/fruta_post_d_1_2500_2500.jpg 1080w\" sizes=\"auto, (max-width: 631px) 100vw, 631px\" \/><\/p>\n<p>&nbsp;<\/p>\n","protected":false},"excerpt":{"rendered":"<p>No \u00e2mbito das comemora\u00e7\u00f5es do Dia Mundial da Alimenta\u00e7\u00e3o, a C\u00e2mara Municipal de Matosinhos ir\u00e1 iniciar o projeto \u201cJ\u00e1 comeste fruta hoje?\u201d, que consiste no alargamento da distribui\u00e7\u00e3o de fruta \u00e0s escolas do 2.\u00ba, 3.\u00ba ciclos e ensino secund\u00e1rio, possibilitando&#8230;<\/p>\n","protected":false},"author":1,"featured_media":5622,"comment_status":"closed","ping_status":"closed","sticky":false,"template":"","format":"standard","meta":{"footnotes":""},"categories":[1],"tags":[],"class_list":["post-5620","post","type-post","status-publish","format-standard","has-post-thumbnail","hentry","category-destaques"],"_links":{"self":[{"href":"https:\/\/www.aeirmaospassos.pt\/index.php?rest_route=\/wp\/v2\/posts\/5620","targetHints":{"allow":["GET"]}}],"collection":[{"href":"https:\/\/www.aeirmaospassos.pt\/index.php?rest_route=\/wp\/v2\/posts"}],"about":[{"href":"https:\/\/www.aeirmaospassos.pt\/index.php?rest_route=\/wp\/v2\/types\/post"}],"author":[{"embeddable":true,"href":"https:\/\/www.aeirmaospassos.pt\/index.php?rest_route=\/wp\/v2\/users\/1"}],"replies":[{"embeddable":true,"href":"https:\/\/www.aeirmaospassos.pt\/index.php?rest_route=%2Fwp%2Fv2%2Fcomments&post=5620"}],"version-history":[{"count":1,"href":"https:\/\/www.aeirmaospassos.pt\/index.php?rest_route=\/wp\/v2\/posts\/5620\/revisions"}],"predecessor-version":[{"id":5623,"href":"https:\/\/www.aeirmaospassos.pt\/index.php?rest_route=\/wp\/v2\/posts\/5620\/revisions\/5623"}],"wp:featuredmedia":[{"embeddable":true,"href":"https:\/\/www.aeirmaospassos.pt\/index.php?rest_route=\/wp\/v2\/media\/5622"}],"wp:attachment":[{"href":"https:\/\/www.aeirmaospassos.pt\/index.php?rest_route=%2Fwp%2Fv2%2Fmedia&parent=5620"}],"wp:term":[{"taxonomy":"category","embeddable":true,"href":"https:\/\/www.aeirmaospassos.pt\/index.php?rest_route=%2Fwp%2Fv2%2Fcategories&post=5620"},{"taxonomy":"post_tag","embeddable":true,"href":"https:\/\/www.aeirmaospassos.pt\/index.php?rest_route=%2Fwp%2Fv2%2Ftags&post=5620"}],"curies":[{"name":"wp","href":"https:\/\/api.w.org\/{rel}","templated":true}]}}