{"id":5573,"date":"2024-09-05T14:34:53","date_gmt":"2024-09-05T13:34:53","guid":{"rendered":"http:\/\/www.aeirmaospassos.pt\/?p=5573"},"modified":"2024-09-05T14:34:53","modified_gmt":"2024-09-05T13:34:53","slug":"entrega-de-manuais-escolares-2-o-e-3-o-ciclos-de-escolaridade-2024-2025","status":"publish","type":"post","link":"https:\/\/www.aeirmaospassos.pt\/?p=5573","title":{"rendered":"Entrega de Manuais Escolares 2.\u00ba e 3.\u00ba ciclos de escolaridade \u2013 2024\/2025"},"content":{"rendered":"<p>Os Encarregados de Educa\u00e7\u00e3o dever\u00e3o levantar os manuais escolares na Escola que os alunos frequentam \u2013<\/p>\n<p><strong>EB Irm\u00e3os Passos\u00a0<\/strong>ou\u00a0<strong>EB de Cust\u00f3ias\u00a0<\/strong>&#8211; nas seguintes datas<strong>:<\/strong><\/p>\n<p>9, 10 e 11 de setembro\u00a0 2024 , das 08:00 horas \u00e0s 16:00 horas<\/p>\n<p>Notas importantes:<\/p>\n<p><em>*\u00a0N\u00e3o ser\u00e3o entregues manuais no dia 12.09.2024 \u2013 dia da rece\u00e7\u00e3o aos alunos.<\/em><\/p>\n<p><em>* Caso n\u00e3o seja poss\u00edvel o Encarregado Educa\u00e7\u00e3o efetuar o levantamento dos manuais dever\u00e1 emitir uma declara\u00e7\u00e3o autorizando uma outra pessoa, a declara\u00e7\u00e3o dever\u00e1 identificar o nome e n\u00famero de cart\u00e3o de cidad\u00e3o da pessoa em causa.<\/em><\/p>\n<p><em>* Fora das datas estipuladas, s\u00f3 ser\u00e3o entregues os manuais com marca\u00e7\u00e3o pr\u00e9via.<\/em><\/p>\n","protected":false},"excerpt":{"rendered":"<p>Os Encarregados de Educa\u00e7\u00e3o dever\u00e3o levantar os manuais escolares na Escola que os alunos frequentam \u2013 EB Irm\u00e3os Passos\u00a0ou\u00a0EB de Cust\u00f3ias\u00a0&#8211; nas seguintes datas: 9, 10 e 11 de setembro\u00a0 2024 , das 08:00 horas \u00e0s 16:00 horas Notas importantes:&#8230;<\/p>\n","protected":false},"author":1,"featured_media":3641,"comment_status":"closed","ping_status":"closed","sticky":false,"template":"","format":"standard","meta":{"footnotes":""},"categories":[1],"tags":[],"class_list":["post-5573","post","type-post","status-publish","format-standard","has-post-thumbnail","hentry","category-destaques"],"_links":{"self":[{"href":"https:\/\/www.aeirmaospassos.pt\/index.php?rest_route=\/wp\/v2\/posts\/5573","targetHints":{"allow":["GET"]}}],"collection":[{"href":"https:\/\/www.aeirmaospassos.pt\/index.php?rest_route=\/wp\/v2\/posts"}],"about":[{"href":"https:\/\/www.aeirmaospassos.pt\/index.php?rest_route=\/wp\/v2\/types\/post"}],"author":[{"embeddable":true,"href":"https:\/\/www.aeirmaospassos.pt\/index.php?rest_route=\/wp\/v2\/users\/1"}],"replies":[{"embeddable":true,"href":"https:\/\/www.aeirmaospassos.pt\/index.php?rest_route=%2Fwp%2Fv2%2Fcomments&post=5573"}],"version-history":[{"count":1,"href":"https:\/\/www.aeirmaospassos.pt\/index.php?rest_route=\/wp\/v2\/posts\/5573\/revisions"}],"predecessor-version":[{"id":5574,"href":"https:\/\/www.aeirmaospassos.pt\/index.php?rest_route=\/wp\/v2\/posts\/5573\/revisions\/5574"}],"wp:featuredmedia":[{"embeddable":true,"href":"https:\/\/www.aeirmaospassos.pt\/index.php?rest_route=\/wp\/v2\/media\/3641"}],"wp:attachment":[{"href":"https:\/\/www.aeirmaospassos.pt\/index.php?rest_route=%2Fwp%2Fv2%2Fmedia&parent=5573"}],"wp:term":[{"taxonomy":"category","embeddable":true,"href":"https:\/\/www.aeirmaospassos.pt\/index.php?rest_route=%2Fwp%2Fv2%2Fcategories&post=5573"},{"taxonomy":"post_tag","embeddable":true,"href":"https:\/\/www.aeirmaospassos.pt\/index.php?rest_route=%2Fwp%2Fv2%2Ftags&post=5573"}],"curies":[{"name":"wp","href":"https:\/\/api.w.org\/{rel}","templated":true}]}}