{"id":5332,"date":"2023-09-13T17:52:20","date_gmt":"2023-09-13T16:52:20","guid":{"rendered":"https:\/\/www.aeirmaospassos.pt\/?p=5332"},"modified":"2023-09-13T17:56:18","modified_gmt":"2023-09-13T16:56:18","slug":"cartao-escolar-virtual-refeicoes-escolares-ji-e-eb1-almocos-e-merendas","status":"publish","type":"post","link":"https:\/\/www.aeirmaospassos.pt\/?p=5332","title":{"rendered":"Cart\u00e3o Escolar Virtual &#8211; refei\u00e7\u00f5es escolares JI e EB1 (almo\u00e7os e merendas)"},"content":{"rendered":"<p>Informamos os procedimentos que os encarregados de educa\u00e7\u00e3o dos alunos dos jardins de inf\u00e2ncia e escolas do 1.\u00ba ciclo devem adotar caso pretendam usufruir do servi\u00e7o de fornecimento de refei\u00e7\u00f5es escolares (almo\u00e7os e merendas).<!--more--><\/p>\n<p>Este v\u00eddeo cont\u00e9m a explica\u00e7\u00e3o das regras de marca\u00e7\u00e3o de refei\u00e7\u00f5es escolares, bem como uma demonstra\u00e7\u00e3o dos procedimentos que os encarregados de educa\u00e7\u00e3o devem realizar para ativa\u00e7\u00e3o e carregamento do cart\u00e3o escolar virtual e marca\u00e7\u00e3o\/desmarca\u00e7\u00e3o de refei\u00e7\u00f5es na plataforma SIGA.<\/p>\n<p>O v\u00eddeo pode ser visualizado atrav\u00e9s do seguinte link: <a href=\"https:\/\/youtu.be\/C7R68w1Q26g\"><strong><span style=\"color: #0000ff;\">https:\/\/youtu.be\/C7R68w1Q26g<\/span><\/strong><\/a><\/p>\n<p>Consulte:<\/p>\n<p><span style=\"color: #0000ff;\"><a style=\"color: #0000ff;\" href=\"http:\/\/www.aeirmaospassos.pt\/wp-content\/uploads\/2023\/09\/Cartao-Escolar-Virtual-Refeicoes-JI-e-EB1.pdf\">Cart\u00e3o Escolar Virtual &#8211; Refei\u00e7\u00f5es &#8211; JI e EB1<\/a><\/span><\/p>\n<p><span style=\"color: #0000ff;\"> <a style=\"color: #0000ff;\" href=\"http:\/\/www.aeirmaospassos.pt\/wp-content\/uploads\/2023\/09\/Flyer_a-minha-merenda.pdf\">Flyer_a minha merenda<\/a> <\/span><\/p>\n<p><span style=\"color: #0000ff;\"><a style=\"color: #0000ff;\" href=\"http:\/\/www.aeirmaospassos.pt\/wp-content\/uploads\/2023\/09\/Flyer_marcacao-almocos_2023-2024.pdf\">Flyer_marca\u00e7\u00e3o almo\u00e7os_2023-2024<\/a> <\/span><\/p>\n<p><span style=\"color: #0000ff;\"><a style=\"color: #0000ff;\" href=\"http:\/\/www.aeirmaospassos.pt\/wp-content\/uploads\/2023\/09\/Flyer_marcacao-merendas_2023-2024.pdf\">Flyer_marca\u00e7\u00e3o merendas_2023-2024<\/a><\/span><\/p>\n<p>&nbsp;<\/p>\n<p>&nbsp;<\/p>\n","protected":false},"excerpt":{"rendered":"<p>Informamos os procedimentos que os encarregados de educa\u00e7\u00e3o dos alunos dos jardins de inf\u00e2ncia e escolas do 1.\u00ba ciclo devem adotar caso pretendam usufruir do servi\u00e7o de fornecimento de refei\u00e7\u00f5es escolares (almo\u00e7os e merendas).<\/p>\n","protected":false},"author":1,"featured_media":3905,"comment_status":"closed","ping_status":"closed","sticky":false,"template":"","format":"standard","meta":{"footnotes":""},"categories":[1],"tags":[],"class_list":["post-5332","post","type-post","status-publish","format-standard","has-post-thumbnail","hentry","category-destaques"],"_links":{"self":[{"href":"https:\/\/www.aeirmaospassos.pt\/index.php?rest_route=\/wp\/v2\/posts\/5332","targetHints":{"allow":["GET"]}}],"collection":[{"href":"https:\/\/www.aeirmaospassos.pt\/index.php?rest_route=\/wp\/v2\/posts"}],"about":[{"href":"https:\/\/www.aeirmaospassos.pt\/index.php?rest_route=\/wp\/v2\/types\/post"}],"author":[{"embeddable":true,"href":"https:\/\/www.aeirmaospassos.pt\/index.php?rest_route=\/wp\/v2\/users\/1"}],"replies":[{"embeddable":true,"href":"https:\/\/www.aeirmaospassos.pt\/index.php?rest_route=%2Fwp%2Fv2%2Fcomments&post=5332"}],"version-history":[{"count":3,"href":"https:\/\/www.aeirmaospassos.pt\/index.php?rest_route=\/wp\/v2\/posts\/5332\/revisions"}],"predecessor-version":[{"id":5338,"href":"https:\/\/www.aeirmaospassos.pt\/index.php?rest_route=\/wp\/v2\/posts\/5332\/revisions\/5338"}],"wp:featuredmedia":[{"embeddable":true,"href":"https:\/\/www.aeirmaospassos.pt\/index.php?rest_route=\/wp\/v2\/media\/3905"}],"wp:attachment":[{"href":"https:\/\/www.aeirmaospassos.pt\/index.php?rest_route=%2Fwp%2Fv2%2Fmedia&parent=5332"}],"wp:term":[{"taxonomy":"category","embeddable":true,"href":"https:\/\/www.aeirmaospassos.pt\/index.php?rest_route=%2Fwp%2Fv2%2Fcategories&post=5332"},{"taxonomy":"post_tag","embeddable":true,"href":"https:\/\/www.aeirmaospassos.pt\/index.php?rest_route=%2Fwp%2Fv2%2Ftags&post=5332"}],"curies":[{"name":"wp","href":"https:\/\/api.w.org\/{rel}","templated":true}]}}