{"id":5273,"date":"2023-06-29T12:50:48","date_gmt":"2023-06-29T11:50:48","guid":{"rendered":"http:\/\/www.aeirmaospassos.pt\/?p=5273"},"modified":"2023-06-29T12:50:48","modified_gmt":"2023-06-29T11:50:48","slug":"uso-saudavel-da-tecnologia-durante-o-periodo-de-ferias-escolares","status":"publish","type":"post","link":"https:\/\/www.aeirmaospassos.pt\/?p=5273","title":{"rendered":"Uso saud\u00e1vel da tecnologia durante o per\u00edodo de f\u00e9rias escolares"},"content":{"rendered":"<p>Esta campanha, dirigida a pais\/encarregados de educa\u00e7\u00e3o e a todos os agentes educativos, prop\u00f5e uma viagem a esse lugar especial, onde todos poder\u00e3o desfrutar de f\u00e9rias em seguran\u00e7a, e onde \u00e9 privilegiado o bem-estar f\u00edsico e mental. Consulte a\u00a0<span style=\"color: #0000ff;\"><a style=\"color: #0000ff;\" href=\"https:\/\/www.seguranet.pt\/sites\/default\/files\/202106225-seguranet-tec-ferias-v5.pdf\" target=\"_blank\" rel=\"noopener\">brochura com recomenda\u00e7\u00f5es para o uso saud\u00e1vel da tecnologia<\/a>.<\/span><\/p>\n","protected":false},"excerpt":{"rendered":"<p>Esta campanha, dirigida a pais\/encarregados de educa\u00e7\u00e3o e a todos os agentes educativos, prop\u00f5e uma viagem a esse lugar especial, onde todos poder\u00e3o desfrutar de f\u00e9rias em seguran\u00e7a, e onde \u00e9 privilegiado o bem-estar f\u00edsico e mental. Consulte a\u00a0brochura com&#8230;<\/p>\n","protected":false},"author":1,"featured_media":5274,"comment_status":"closed","ping_status":"closed","sticky":false,"template":"","format":"standard","meta":{"footnotes":""},"categories":[1],"tags":[],"class_list":["post-5273","post","type-post","status-publish","format-standard","has-post-thumbnail","hentry","category-destaques"],"_links":{"self":[{"href":"https:\/\/www.aeirmaospassos.pt\/index.php?rest_route=\/wp\/v2\/posts\/5273","targetHints":{"allow":["GET"]}}],"collection":[{"href":"https:\/\/www.aeirmaospassos.pt\/index.php?rest_route=\/wp\/v2\/posts"}],"about":[{"href":"https:\/\/www.aeirmaospassos.pt\/index.php?rest_route=\/wp\/v2\/types\/post"}],"author":[{"embeddable":true,"href":"https:\/\/www.aeirmaospassos.pt\/index.php?rest_route=\/wp\/v2\/users\/1"}],"replies":[{"embeddable":true,"href":"https:\/\/www.aeirmaospassos.pt\/index.php?rest_route=%2Fwp%2Fv2%2Fcomments&post=5273"}],"version-history":[{"count":1,"href":"https:\/\/www.aeirmaospassos.pt\/index.php?rest_route=\/wp\/v2\/posts\/5273\/revisions"}],"predecessor-version":[{"id":5275,"href":"https:\/\/www.aeirmaospassos.pt\/index.php?rest_route=\/wp\/v2\/posts\/5273\/revisions\/5275"}],"wp:featuredmedia":[{"embeddable":true,"href":"https:\/\/www.aeirmaospassos.pt\/index.php?rest_route=\/wp\/v2\/media\/5274"}],"wp:attachment":[{"href":"https:\/\/www.aeirmaospassos.pt\/index.php?rest_route=%2Fwp%2Fv2%2Fmedia&parent=5273"}],"wp:term":[{"taxonomy":"category","embeddable":true,"href":"https:\/\/www.aeirmaospassos.pt\/index.php?rest_route=%2Fwp%2Fv2%2Fcategories&post=5273"},{"taxonomy":"post_tag","embeddable":true,"href":"https:\/\/www.aeirmaospassos.pt\/index.php?rest_route=%2Fwp%2Fv2%2Ftags&post=5273"}],"curies":[{"name":"wp","href":"https:\/\/api.w.org\/{rel}","templated":true}]}}