{"id":5161,"date":"2022-12-12T18:22:33","date_gmt":"2022-12-12T17:22:33","guid":{"rendered":"http:\/\/www.aeirmaospassos.pt\/?p=5161"},"modified":"2022-12-12T18:22:37","modified_gmt":"2022-12-12T17:22:37","slug":"apresentacao-clube-musica","status":"publish","type":"post","link":"https:\/\/www.aeirmaospassos.pt\/?p=5161","title":{"rendered":"Apresenta\u00e7\u00e3o Clube M\u00fasica"},"content":{"rendered":"<p>Em colabora\u00e7\u00e3o com o Grupo Allegretto, o Clube de M\u00fasica do AEIP tem o prazer de apresentar no pr\u00f3ximo dia 14 de dezembro, no Audit\u00f3rio da Escola B\u00e1sica de Custoias, pelas 19 horas, uma adapta\u00e7\u00e3o de &#8220;O Cavaleiro da Dinamarca&#8221; de Sophia de Mello Breyner Andersen.<\/p>\n<p>&nbsp;<\/p>\n<p>&nbsp;<\/p>\n<p><img loading=\"lazy\" decoding=\"async\" class=\" wp-image-5162 aligncenter\" src=\"http:\/\/www.aeirmaospassos.pt\/wp-content\/uploads\/2022\/12\/Captura-de-ecra-2022-12-12-172134-218x300.jpg\" alt=\"\" width=\"689\" height=\"948\" \/><\/p>\n","protected":false},"excerpt":{"rendered":"<p>Em colabora\u00e7\u00e3o com o Grupo Allegretto, o Clube de M\u00fasica do AEIP tem o prazer de apresentar no pr\u00f3ximo dia 14 de dezembro, no Audit\u00f3rio da Escola B\u00e1sica de Custoias, pelas 19 horas, uma adapta\u00e7\u00e3o de &#8220;O Cavaleiro da Dinamarca&#8221;&#8230;<\/p>\n","protected":false},"author":1,"featured_media":5162,"comment_status":"closed","ping_status":"closed","sticky":false,"template":"","format":"standard","meta":{"footnotes":""},"categories":[1],"tags":[],"class_list":["post-5161","post","type-post","status-publish","format-standard","has-post-thumbnail","hentry","category-destaques"],"_links":{"self":[{"href":"https:\/\/www.aeirmaospassos.pt\/index.php?rest_route=\/wp\/v2\/posts\/5161","targetHints":{"allow":["GET"]}}],"collection":[{"href":"https:\/\/www.aeirmaospassos.pt\/index.php?rest_route=\/wp\/v2\/posts"}],"about":[{"href":"https:\/\/www.aeirmaospassos.pt\/index.php?rest_route=\/wp\/v2\/types\/post"}],"author":[{"embeddable":true,"href":"https:\/\/www.aeirmaospassos.pt\/index.php?rest_route=\/wp\/v2\/users\/1"}],"replies":[{"embeddable":true,"href":"https:\/\/www.aeirmaospassos.pt\/index.php?rest_route=%2Fwp%2Fv2%2Fcomments&post=5161"}],"version-history":[{"count":1,"href":"https:\/\/www.aeirmaospassos.pt\/index.php?rest_route=\/wp\/v2\/posts\/5161\/revisions"}],"predecessor-version":[{"id":5163,"href":"https:\/\/www.aeirmaospassos.pt\/index.php?rest_route=\/wp\/v2\/posts\/5161\/revisions\/5163"}],"wp:featuredmedia":[{"embeddable":true,"href":"https:\/\/www.aeirmaospassos.pt\/index.php?rest_route=\/wp\/v2\/media\/5162"}],"wp:attachment":[{"href":"https:\/\/www.aeirmaospassos.pt\/index.php?rest_route=%2Fwp%2Fv2%2Fmedia&parent=5161"}],"wp:term":[{"taxonomy":"category","embeddable":true,"href":"https:\/\/www.aeirmaospassos.pt\/index.php?rest_route=%2Fwp%2Fv2%2Fcategories&post=5161"},{"taxonomy":"post_tag","embeddable":true,"href":"https:\/\/www.aeirmaospassos.pt\/index.php?rest_route=%2Fwp%2Fv2%2Ftags&post=5161"}],"curies":[{"name":"wp","href":"https:\/\/api.w.org\/{rel}","templated":true}]}}