{"id":5097,"date":"2022-09-20T15:28:55","date_gmt":"2022-09-20T14:28:55","guid":{"rendered":"http:\/\/www.aeirmaospassos.pt\/?p=5097"},"modified":"2022-09-20T15:29:25","modified_gmt":"2022-09-20T14:29:25","slug":"marcacao-de-almocos-escolares-pre-escolar-1o2o3o-e-4o-anos","status":"publish","type":"post","link":"https:\/\/www.aeirmaospassos.pt\/?p=5097","title":{"rendered":"Marca\u00e7\u00e3o de Almo\u00e7os Escolares &#8211; Pr\u00e9-Escolar, 1\u00ba,2\u00ba,3\u00ba e 4\u00ba anos"},"content":{"rendered":"<p>A Plataforma SIGA deve ser utilizada pelos encarregados de educa\u00e7\u00e3o dos alunos dos jardins de inf\u00e2ncia e escolas do 1.\u00ba ciclo\u00a0 caso pretendam usufruir do servi\u00e7o de fornecimento de refei\u00e7\u00f5es escolares (almo\u00e7os e merendas).<!--more--><\/p>\n<p>Consulte toda a informa\u00e7\u00e3o em:<\/p>\n<p><a href=\"https:\/\/www.cm-matosinhos.pt\/servicos-municipais\/educacao\/acao-social-escolar\/apoios-alimentares\/cartao-escolar-virtual-ji-e-eb1\/marcacao-de-almocos-escolares\"><span style=\"color: #0000ff;\"><strong>https:\/\/www.cm-matosinhos.pt<\/strong><\/span><\/a><\/p>\n","protected":false},"excerpt":{"rendered":"<p>A Plataforma SIGA deve ser utilizada pelos encarregados de educa\u00e7\u00e3o dos alunos dos jardins de inf\u00e2ncia e escolas do 1.\u00ba ciclo\u00a0 caso pretendam usufruir do servi\u00e7o de fornecimento de refei\u00e7\u00f5es escolares (almo\u00e7os e merendas).<\/p>\n","protected":false},"author":1,"featured_media":5098,"comment_status":"closed","ping_status":"closed","sticky":false,"template":"","format":"standard","meta":{"footnotes":""},"categories":[1],"tags":[],"class_list":["post-5097","post","type-post","status-publish","format-standard","has-post-thumbnail","hentry","category-destaques"],"_links":{"self":[{"href":"https:\/\/www.aeirmaospassos.pt\/index.php?rest_route=\/wp\/v2\/posts\/5097","targetHints":{"allow":["GET"]}}],"collection":[{"href":"https:\/\/www.aeirmaospassos.pt\/index.php?rest_route=\/wp\/v2\/posts"}],"about":[{"href":"https:\/\/www.aeirmaospassos.pt\/index.php?rest_route=\/wp\/v2\/types\/post"}],"author":[{"embeddable":true,"href":"https:\/\/www.aeirmaospassos.pt\/index.php?rest_route=\/wp\/v2\/users\/1"}],"replies":[{"embeddable":true,"href":"https:\/\/www.aeirmaospassos.pt\/index.php?rest_route=%2Fwp%2Fv2%2Fcomments&post=5097"}],"version-history":[{"count":1,"href":"https:\/\/www.aeirmaospassos.pt\/index.php?rest_route=\/wp\/v2\/posts\/5097\/revisions"}],"predecessor-version":[{"id":5099,"href":"https:\/\/www.aeirmaospassos.pt\/index.php?rest_route=\/wp\/v2\/posts\/5097\/revisions\/5099"}],"wp:featuredmedia":[{"embeddable":true,"href":"https:\/\/www.aeirmaospassos.pt\/index.php?rest_route=\/wp\/v2\/media\/5098"}],"wp:attachment":[{"href":"https:\/\/www.aeirmaospassos.pt\/index.php?rest_route=%2Fwp%2Fv2%2Fmedia&parent=5097"}],"wp:term":[{"taxonomy":"category","embeddable":true,"href":"https:\/\/www.aeirmaospassos.pt\/index.php?rest_route=%2Fwp%2Fv2%2Fcategories&post=5097"},{"taxonomy":"post_tag","embeddable":true,"href":"https:\/\/www.aeirmaospassos.pt\/index.php?rest_route=%2Fwp%2Fv2%2Ftags&post=5097"}],"curies":[{"name":"wp","href":"https:\/\/api.w.org\/{rel}","templated":true}]}}