{"id":4492,"date":"2021-10-01T21:24:43","date_gmt":"2021-10-01T20:24:43","guid":{"rendered":"https:\/\/www.aeirmaospassos.pt\/?p=4492"},"modified":"2021-10-01T21:35:27","modified_gmt":"2021-10-01T20:35:27","slug":"2-o-lugar-nacional-com-o-projeto-ecobenefit","status":"publish","type":"post","link":"https:\/\/www.aeirmaospassos.pt\/?p=4492","title":{"rendered":"2.\u00ba lugar nacional com o PROJETO EcoBenefit"},"content":{"rendered":"<div class=\"gmail_quote\" dir=\"auto\">\n<div class=\"gmail_quote\">\n<blockquote class=\"gmail_quote\">\n<div dir=\"auto\">\n<div dir=\"auto\">\n<p><strong><b>2\u00aa Melhor App \u2013 B\u00e1sico | EcoBenefit <\/b><\/strong>\u2013 Escola B\u00e1sica Irm\u00e3os Passos, Guif\u00f5es, Matosinhos<\/p>\n<p>Esta ideia \u00e9 dirigida \u00e0 recolha de res\u00edduos , com o objetivo de reduzir o impacto da polui\u00e7\u00e3o. Pretende aliar a consci\u00eancia ecol\u00f3gica dos cidad\u00e3o a um movimento desafiante\/divertido, assim como envolver empresas que t\u00eam preocupa\u00e7\u00f5es ambientais.<\/p>\n<\/div>\n<\/div>\n<\/blockquote>\n<div dir=\"auto\">&#8212;<\/div>\n<blockquote class=\"gmail_quote\">\n<div dir=\"auto\">\n<div dir=\"auto\">&#8220;Ontem o dia foi de l\u00e1grimas, mas de alegria!<\/div>\n<div dir=\"auto\">Os alunos Benedita, Gabriela, Let\u00edcia, Maria e Martim, agora do 6\u00baC, trouxeram para Matosinhos o segundo lugar, na categoria do Ensino do B\u00e1sico, na 7\u00b0Edi\u00e7\u00e3o da Apps for Good.<\/div>\n<div dir=\"auto\">Este \u00e9 um exemplo de projeto que mostra que a escola n\u00e3o \u00e9 apenas um edif\u00edcio e que o sucesso n\u00e3o depende apenas do professor. Ao professor cabe a tarefa de abrir portas e apontar alguns caminhos, mas esses caminhos t\u00eam que ser percorrido pelos jovens.<\/div>\n<div dir=\"auto\">Deixo os parab\u00e9ns aos alunos, e desejo que levem para as suas vidas a bagagem das aprendizagens realizadas e que lhes sejam \u00fateis na constru\u00e7\u00e3o das suas identidades.<\/div>\n<div dir=\"auto\">Agrade\u00e7o a todos os parceiros, mas em especial \u00e0 AudioLuz, Maxigrau e Lipor, por terem contribu\u00eddo para que a apresenta\u00e7\u00e3o recebesse dos jurados os melhores elogios.<\/div>\n<div dir=\"auto\">Por \u00faltimo, mas n\u00e3o menos importante, gostaria de agradecer aos pais, que estiveram connosco desde o primeiro minuto e se envolveram com toda a\u00a0 garra, ensinando os seus educandos a lutar pelos seus objetivos.<\/div>\n<div dir=\"auto\">Em suma, em todo este processo, aprendi muito mais do que ensinei.<\/div>\n<div dir=\"auto\">Parab\u00e9ns EcoBenefit, parab\u00e9ns pequenos grandes her\u00f3is!!!&#8221;<\/div>\n<div dir=\"auto\" style=\"text-align: right;\">Professora Em\u00edlia Pinto<\/div>\n<\/div>\n<\/blockquote>\n<\/div>\n<\/div>\n<p>&#8212;<\/p>\n<div class=\"gmail_quote\" dir=\"auto\">\n<div class=\"gmail_quote\">\n<blockquote class=\"gmail_quote\">\n<div dir=\"auto\"><\/div>\n<div dir=\"auto\">Consulte as solu\u00e7\u00f5es tecnol\u00f3gicas que venceram a 7\u00aa edi\u00e7\u00e3o:\u00a0 <span style=\"color: #0000ff;\"><a style=\"color: #0000ff;\" href=\"https:\/\/cdi.org.pt\/competicao\/#afg-7-edicao\">https:\/\/cdi.org.pt\/competicao\/#afg-7-edicao<\/a><\/span><\/div>\n<div dir=\"auto\">\n<div dir=\"auto\"><\/div>\n<\/div>\n<div dir=\"auto\"><\/div>\n<div dir=\"auto\"><img loading=\"lazy\" decoding=\"async\" class=\" wp-image-4493 aligncenter\" src=\"http:\/\/www.aeirmaospassos.pt\/wp-content\/uploads\/2021\/10\/Capturar1-300x158.jpg\" alt=\"\" width=\"613\" height=\"323\" srcset=\"https:\/\/www.aeirmaospassos.pt\/wp-content\/uploads\/2021\/10\/Capturar1-300x158.jpg 300w, https:\/\/www.aeirmaospassos.pt\/wp-content\/uploads\/2021\/10\/Capturar1-1024x540.jpg 1024w, https:\/\/www.aeirmaospassos.pt\/wp-content\/uploads\/2021\/10\/Capturar1-768x405.jpg 768w, https:\/\/www.aeirmaospassos.pt\/wp-content\/uploads\/2021\/10\/Capturar1.jpg 1499w\" sizes=\"auto, (max-width: 613px) 100vw, 613px\" \/> <img loading=\"lazy\" decoding=\"async\" class=\" wp-image-4494 aligncenter\" src=\"http:\/\/www.aeirmaospassos.pt\/wp-content\/uploads\/2021\/10\/Capturar2-300x182.jpg\" alt=\"\" width=\"588\" height=\"357\" srcset=\"https:\/\/www.aeirmaospassos.pt\/wp-content\/uploads\/2021\/10\/Capturar2-300x182.jpg 300w, https:\/\/www.aeirmaospassos.pt\/wp-content\/uploads\/2021\/10\/Capturar2-1024x620.jpg 1024w, https:\/\/www.aeirmaospassos.pt\/wp-content\/uploads\/2021\/10\/Capturar2-768x465.jpg 768w, https:\/\/www.aeirmaospassos.pt\/wp-content\/uploads\/2021\/10\/Capturar2.jpg 1314w\" sizes=\"auto, (max-width: 588px) 100vw, 588px\" \/><\/div>\n<\/blockquote>\n<div dir=\"auto\"><\/div>\n<blockquote class=\"gmail_quote\">\n<div dir=\"auto\" style=\"text-align: center;\"><img loading=\"lazy\" decoding=\"async\" class=\"wp-image-4495\" src=\"http:\/\/www.aeirmaospassos.pt\/wp-content\/uploads\/2021\/10\/IMG-20210930-WA0003-225x300.jpg\" alt=\"\" width=\"413\" height=\"551\" srcset=\"https:\/\/www.aeirmaospassos.pt\/wp-content\/uploads\/2021\/10\/IMG-20210930-WA0003-225x300.jpg 225w, https:\/\/www.aeirmaospassos.pt\/wp-content\/uploads\/2021\/10\/IMG-20210930-WA0003-768x1024.jpg 768w, https:\/\/www.aeirmaospassos.pt\/wp-content\/uploads\/2021\/10\/IMG-20210930-WA0003-1152x1536.jpg 1152w, https:\/\/www.aeirmaospassos.pt\/wp-content\/uploads\/2021\/10\/IMG-20210930-WA0003.jpg 1536w\" sizes=\"auto, (max-width: 413px) 100vw, 413px\" \/> <img loading=\"lazy\" decoding=\"async\" class=\"wp-image-4496 aligncenter\" src=\"http:\/\/www.aeirmaospassos.pt\/wp-content\/uploads\/2021\/10\/IMG-20210930-WA0004-225x300.jpg\" alt=\"\" width=\"413\" height=\"551\" srcset=\"https:\/\/www.aeirmaospassos.pt\/wp-content\/uploads\/2021\/10\/IMG-20210930-WA0004-225x300.jpg 225w, https:\/\/www.aeirmaospassos.pt\/wp-content\/uploads\/2021\/10\/IMG-20210930-WA0004-768x1024.jpg 768w, https:\/\/www.aeirmaospassos.pt\/wp-content\/uploads\/2021\/10\/IMG-20210930-WA0004-1152x1536.jpg 1152w, https:\/\/www.aeirmaospassos.pt\/wp-content\/uploads\/2021\/10\/IMG-20210930-WA0004.jpg 1536w\" sizes=\"auto, (max-width: 413px) 100vw, 413px\" \/><\/div>\n<\/blockquote>\n<\/div>\n<\/div>\n<div dir=\"auto\" style=\"text-align: right;\"><\/div>\n<div dir=\"auto\"><\/div>\n<div dir=\"auto\">\n<div dir=\"auto\" style=\"text-align: right;\">AEIP<\/div>\n<div dir=\"auto\" style=\"text-align: right;\">01\/10\/2021<\/div>\n<\/div>\n","protected":false},"excerpt":{"rendered":"<p>2\u00aa Melhor App \u2013 B\u00e1sico | EcoBenefit \u2013 Escola B\u00e1sica Irm\u00e3os Passos, Guif\u00f5es, Matosinhos Esta ideia \u00e9 dirigida \u00e0 recolha de res\u00edduos , com o objetivo de reduzir o impacto da polui\u00e7\u00e3o. Pretende aliar a consci\u00eancia ecol\u00f3gica dos cidad\u00e3o a&#8230;<\/p>\n","protected":false},"author":1,"featured_media":4496,"comment_status":"closed","ping_status":"closed","sticky":false,"template":"","format":"standard","meta":{"footnotes":""},"categories":[1],"tags":[],"class_list":["post-4492","post","type-post","status-publish","format-standard","has-post-thumbnail","hentry","category-destaques"],"_links":{"self":[{"href":"https:\/\/www.aeirmaospassos.pt\/index.php?rest_route=\/wp\/v2\/posts\/4492","targetHints":{"allow":["GET"]}}],"collection":[{"href":"https:\/\/www.aeirmaospassos.pt\/index.php?rest_route=\/wp\/v2\/posts"}],"about":[{"href":"https:\/\/www.aeirmaospassos.pt\/index.php?rest_route=\/wp\/v2\/types\/post"}],"author":[{"embeddable":true,"href":"https:\/\/www.aeirmaospassos.pt\/index.php?rest_route=\/wp\/v2\/users\/1"}],"replies":[{"embeddable":true,"href":"https:\/\/www.aeirmaospassos.pt\/index.php?rest_route=%2Fwp%2Fv2%2Fcomments&post=4492"}],"version-history":[{"count":10,"href":"https:\/\/www.aeirmaospassos.pt\/index.php?rest_route=\/wp\/v2\/posts\/4492\/revisions"}],"predecessor-version":[{"id":4506,"href":"https:\/\/www.aeirmaospassos.pt\/index.php?rest_route=\/wp\/v2\/posts\/4492\/revisions\/4506"}],"wp:featuredmedia":[{"embeddable":true,"href":"https:\/\/www.aeirmaospassos.pt\/index.php?rest_route=\/wp\/v2\/media\/4496"}],"wp:attachment":[{"href":"https:\/\/www.aeirmaospassos.pt\/index.php?rest_route=%2Fwp%2Fv2%2Fmedia&parent=4492"}],"wp:term":[{"taxonomy":"category","embeddable":true,"href":"https:\/\/www.aeirmaospassos.pt\/index.php?rest_route=%2Fwp%2Fv2%2Fcategories&post=4492"},{"taxonomy":"post_tag","embeddable":true,"href":"https:\/\/www.aeirmaospassos.pt\/index.php?rest_route=%2Fwp%2Fv2%2Ftags&post=4492"}],"curies":[{"name":"wp","href":"https:\/\/api.w.org\/{rel}","templated":true}]}}