{"id":4332,"date":"2021-07-30T12:24:09","date_gmt":"2021-07-30T11:24:09","guid":{"rendered":"http:\/\/www.aeirmaospassos.pt\/?p=4332"},"modified":"2021-07-30T12:24:09","modified_gmt":"2021-07-30T11:24:09","slug":"cinco-valentes-criancas-querem-uma-terra-melhor","status":"publish","type":"post","link":"https:\/\/www.aeirmaospassos.pt\/?p=4332","title":{"rendered":"Cinco Valentes crian\u00e7as querem uma Terra melhor!"},"content":{"rendered":"<p>A Escola EB Irm\u00e3os Passos \u00e9 a \u00fanica a representar Matosinhos num concurso nacional com o seu Projeto EcoBenefit.<!--more--><\/p>\n<p>&nbsp;<\/p>\n<p><img loading=\"lazy\" decoding=\"async\" class=\"alignnone  wp-image-4333\" src=\"http:\/\/www.aeirmaospassos.pt\/wp-content\/uploads\/2021\/07\/IMG-20210729-WA0006-300x225.jpg\" alt=\"\" width=\"1019\" height=\"764\" srcset=\"https:\/\/www.aeirmaospassos.pt\/wp-content\/uploads\/2021\/07\/IMG-20210729-WA0006-300x225.jpg 300w, https:\/\/www.aeirmaospassos.pt\/wp-content\/uploads\/2021\/07\/IMG-20210729-WA0006-1024x768.jpg 1024w, https:\/\/www.aeirmaospassos.pt\/wp-content\/uploads\/2021\/07\/IMG-20210729-WA0006-768x576.jpg 768w, https:\/\/www.aeirmaospassos.pt\/wp-content\/uploads\/2021\/07\/IMG-20210729-WA0006-1536x1152.jpg 1536w, https:\/\/www.aeirmaospassos.pt\/wp-content\/uploads\/2021\/07\/IMG-20210729-WA0006-rotated.jpg 1984w\" sizes=\"auto, (max-width: 1019px) 100vw, 1019px\" \/><\/p>\n","protected":false},"excerpt":{"rendered":"<p>A Escola EB Irm\u00e3os Passos \u00e9 a \u00fanica a representar Matosinhos num concurso nacional com o seu Projeto EcoBenefit.<\/p>\n","protected":false},"author":1,"featured_media":4333,"comment_status":"closed","ping_status":"closed","sticky":false,"template":"","format":"standard","meta":{"footnotes":""},"categories":[1],"tags":[],"class_list":["post-4332","post","type-post","status-publish","format-standard","has-post-thumbnail","hentry","category-destaques"],"_links":{"self":[{"href":"https:\/\/www.aeirmaospassos.pt\/index.php?rest_route=\/wp\/v2\/posts\/4332","targetHints":{"allow":["GET"]}}],"collection":[{"href":"https:\/\/www.aeirmaospassos.pt\/index.php?rest_route=\/wp\/v2\/posts"}],"about":[{"href":"https:\/\/www.aeirmaospassos.pt\/index.php?rest_route=\/wp\/v2\/types\/post"}],"author":[{"embeddable":true,"href":"https:\/\/www.aeirmaospassos.pt\/index.php?rest_route=\/wp\/v2\/users\/1"}],"replies":[{"embeddable":true,"href":"https:\/\/www.aeirmaospassos.pt\/index.php?rest_route=%2Fwp%2Fv2%2Fcomments&post=4332"}],"version-history":[{"count":1,"href":"https:\/\/www.aeirmaospassos.pt\/index.php?rest_route=\/wp\/v2\/posts\/4332\/revisions"}],"predecessor-version":[{"id":4334,"href":"https:\/\/www.aeirmaospassos.pt\/index.php?rest_route=\/wp\/v2\/posts\/4332\/revisions\/4334"}],"wp:featuredmedia":[{"embeddable":true,"href":"https:\/\/www.aeirmaospassos.pt\/index.php?rest_route=\/wp\/v2\/media\/4333"}],"wp:attachment":[{"href":"https:\/\/www.aeirmaospassos.pt\/index.php?rest_route=%2Fwp%2Fv2%2Fmedia&parent=4332"}],"wp:term":[{"taxonomy":"category","embeddable":true,"href":"https:\/\/www.aeirmaospassos.pt\/index.php?rest_route=%2Fwp%2Fv2%2Fcategories&post=4332"},{"taxonomy":"post_tag","embeddable":true,"href":"https:\/\/www.aeirmaospassos.pt\/index.php?rest_route=%2Fwp%2Fv2%2Ftags&post=4332"}],"curies":[{"name":"wp","href":"https:\/\/api.w.org\/{rel}","templated":true}]}}