{"id":4304,"date":"2021-07-06T11:53:22","date_gmt":"2021-07-06T10:53:22","guid":{"rendered":"http:\/\/www.aeirmaospassos.pt\/?p=4304"},"modified":"2021-07-06T11:54:05","modified_gmt":"2021-07-06T10:54:05","slug":"uso-saudavel-da-tecnologia-durante-o-periodo-de-ferias","status":"publish","type":"post","link":"https:\/\/www.aeirmaospassos.pt\/?p=4304","title":{"rendered":"Uso saud\u00e1vel da tecnologia durante o per\u00edodo de f\u00e9rias"},"content":{"rendered":"<p>A campanha \u201cF\u00e9rias: um lugar tecno saud\u00e1vel!\u201d, visa sensibilizar crian\u00e7as e jovens para o uso saud\u00e1vel da tecnologia durante o per\u00edodo das f\u00e9rias <!--more-->escolares.<\/p>\n<p>Clica <span style=\"color: #0000ff;\"><a style=\"color: #0000ff;\" href=\"http:\/\/www.aeirmaospassos.pt\/wp-content\/uploads\/2021\/07\/seguranet-tec-ferias-v5-compactado.pdf\">AQUI<\/a><\/span><\/p>\n<p><img loading=\"lazy\" decoding=\"async\" class=\" wp-image-4307 aligncenter\" src=\"http:\/\/www.aeirmaospassos.pt\/wp-content\/uploads\/2021\/07\/Capturar1-300x180.jpg\" alt=\"\" width=\"712\" height=\"427\" srcset=\"https:\/\/www.aeirmaospassos.pt\/wp-content\/uploads\/2021\/07\/Capturar1-300x180.jpg 300w, https:\/\/www.aeirmaospassos.pt\/wp-content\/uploads\/2021\/07\/Capturar1-768x460.jpg 768w, https:\/\/www.aeirmaospassos.pt\/wp-content\/uploads\/2021\/07\/Capturar1.jpg 897w\" sizes=\"auto, (max-width: 712px) 100vw, 712px\" \/><\/p>\n<p style=\"text-align: right;\">AEIP 06\/07\/2021<\/p>\n","protected":false},"excerpt":{"rendered":"<p>A campanha \u201cF\u00e9rias: um lugar tecno saud\u00e1vel!\u201d, visa sensibilizar crian\u00e7as e jovens para o uso saud\u00e1vel da tecnologia durante o per\u00edodo das f\u00e9rias<\/p>\n","protected":false},"author":1,"featured_media":4305,"comment_status":"closed","ping_status":"closed","sticky":false,"template":"","format":"standard","meta":{"footnotes":""},"categories":[1],"tags":[],"class_list":["post-4304","post","type-post","status-publish","format-standard","has-post-thumbnail","hentry","category-destaques"],"_links":{"self":[{"href":"https:\/\/www.aeirmaospassos.pt\/index.php?rest_route=\/wp\/v2\/posts\/4304","targetHints":{"allow":["GET"]}}],"collection":[{"href":"https:\/\/www.aeirmaospassos.pt\/index.php?rest_route=\/wp\/v2\/posts"}],"about":[{"href":"https:\/\/www.aeirmaospassos.pt\/index.php?rest_route=\/wp\/v2\/types\/post"}],"author":[{"embeddable":true,"href":"https:\/\/www.aeirmaospassos.pt\/index.php?rest_route=\/wp\/v2\/users\/1"}],"replies":[{"embeddable":true,"href":"https:\/\/www.aeirmaospassos.pt\/index.php?rest_route=%2Fwp%2Fv2%2Fcomments&post=4304"}],"version-history":[{"count":2,"href":"https:\/\/www.aeirmaospassos.pt\/index.php?rest_route=\/wp\/v2\/posts\/4304\/revisions"}],"predecessor-version":[{"id":4309,"href":"https:\/\/www.aeirmaospassos.pt\/index.php?rest_route=\/wp\/v2\/posts\/4304\/revisions\/4309"}],"wp:featuredmedia":[{"embeddable":true,"href":"https:\/\/www.aeirmaospassos.pt\/index.php?rest_route=\/wp\/v2\/media\/4305"}],"wp:attachment":[{"href":"https:\/\/www.aeirmaospassos.pt\/index.php?rest_route=%2Fwp%2Fv2%2Fmedia&parent=4304"}],"wp:term":[{"taxonomy":"category","embeddable":true,"href":"https:\/\/www.aeirmaospassos.pt\/index.php?rest_route=%2Fwp%2Fv2%2Fcategories&post=4304"},{"taxonomy":"post_tag","embeddable":true,"href":"https:\/\/www.aeirmaospassos.pt\/index.php?rest_route=%2Fwp%2Fv2%2Ftags&post=4304"}],"curies":[{"name":"wp","href":"https:\/\/api.w.org\/{rel}","templated":true}]}}