{"id":4049,"date":"2021-01-23T12:00:56","date_gmt":"2021-01-23T11:00:56","guid":{"rendered":"http:\/\/www.aeirmaospassos.pt\/?p=4049"},"modified":"2021-01-23T12:00:56","modified_gmt":"2021-01-23T11:00:56","slug":"comunicado-aos-alunos-e-encarregados-de-educacao","status":"publish","type":"post","link":"https:\/\/www.aeirmaospassos.pt\/?p=4049","title":{"rendered":"Comunicado aos Alunos e Encarregados de Educa\u00e7\u00e3o"},"content":{"rendered":"<p><strong>Caros Alunos<\/strong><\/p>\n<p>Tempos dif\u00edceis estes em que n\u00e3o podemos fazer projetos ou planear com seguran\u00e7a e certeza as nossas inten\u00e7\u00f5es. Fica-nos a esperan\u00e7a de que tudo \u00e9 ef\u00e9mero e que num futuro pr\u00f3ximo retomaremos a \u00abnormalidade\u00bb que desejamos. A vida est\u00e1 sistematicamente a dar-nos li\u00e7\u00f5es&#8230; Que, pelo menos, desta cat\u00e1strofe, aprendamos todos a continuar a ser jovens e adultos mais conscientes, mais solid\u00e1rios, mais complacentes com a humanidade, mais sens\u00edveis ao sofrimento dos outros&#8230;. Preservem a vossa sa\u00fade e a dos vossos familiares mais pr\u00f3ximos e, se cada um de n\u00f3s agir assim, teremos a for\u00e7a suficiente para eliminar radical e definitivamente esta pandemia.<\/p>\n<p>At\u00e9 breve!<\/p>\n<p><strong>Caros Encarregados de Educa\u00e7\u00e3o<\/strong><\/p>\n<p><strong>Assunto: Esclarecimentos relativamente ao funcionamento do AEIP nas pr\u00f3ximas duas semanas.<\/strong><\/p>\n<p>Conforme decis\u00e3o do Conselho de Ministros do dia 21 de janeiro de 2021, na sequ\u00eancia da evolu\u00e7\u00e3o da situa\u00e7\u00e3o pand\u00e9mica, <strong>\u00abas escolas suspendem as atividades letivas e educativas do dia 22 de janeiro at\u00e9 ao dia 5 de fevereiro, desde a educa\u00e7\u00e3o pr\u00e9-escolar at\u00e9 ao secund\u00e1rio\u00bb.<\/strong><\/p>\n<ul>\n<li>A rede de escolas de acolhimento retoma a sua atividade, pelo que no AEIP a Escola Irm\u00e3os Passos \u00e9 a Escola de Acolhimento, estando \u00ababerta para a rece\u00e7\u00e3o e acompanhamento dos filhos ou outros dependentes a cargo de trabalhadores de servi\u00e7os essenciais\u00bb. Os encarregados de educa\u00e7\u00e3o devem manifestar esta necessidade de acolhimento dos seus educandos junto dos Professor Titular de Turma\/Diretor de Turma, <strong><u>devidamente comprovada pelas entidades patronais<\/u><\/strong>. O hor\u00e1rio disponibilizado decorre entre as 8h 30min e as 17h 30min.<\/li>\n<li>A escola de acolhimento acima referida est\u00e1 tamb\u00e9m dispon\u00edvel para receber presencialmente as crian\u00e7as e jovens em risco, sinalizados pela Comiss\u00e3o de Prote\u00e7\u00e3o de Crian\u00e7as e Jovens (CPCJ).<\/li>\n<li>Relativamente \u00e0s refei\u00e7\u00f5es, ser\u00e3o servidas a alunos benefici\u00e1rios dos escal\u00f5es A e B da ASE e a filhos de profissionais de servi\u00e7os essenciais, em regime takeaway. Estas refei\u00e7\u00f5es s\u00f3 ser\u00e3o asseguradas se forem solicitadas at\u00e9 ao dia 25 de janeiro, \u00e0s 10 h.<\/li>\n<li>Relembra-se que os alunos podem continuar a acompanhar o <strong>#EstudoEmCasa 2020\/2021<\/strong> no <u>canal<br \/>\nRTP Mem\u00f3ria<\/u>, ou na p\u00e1gina eletr\u00f3nica: <u>https:\/\/estudoemcasa.dge.mec.pt\/<\/u>, e realizar atividades de reativa\u00e7\u00e3o e\/ou consolida\u00e7\u00e3o de aprendizagens.<\/li>\n<li>O calend\u00e1rio escolar poder\u00e1 sofrer altera\u00e7\u00f5es em fun\u00e7\u00e3o da evolu\u00e7\u00e3o e dura\u00e7\u00e3o da suspens\u00e3o das atividades letivas e educativas.<\/li>\n<li>Finalmente importa sensibilizar todos, pais, encarregados de educa\u00e7\u00e3o e seus educandos para a import\u00e2ncia do cumprimento do confinamento e das regras de higieniza\u00e7\u00e3o e etiqueta respirat\u00f3ria, incutindo em cada um e em todos a responsabilidade c\u00edvica na preven\u00e7\u00e3o.<\/li>\n<\/ul>\n<p style=\"text-align: right;\">A todos votos de muita sa\u00fade<\/p>\n<p style=\"text-align: right;\">Diretor AEIP<\/p>\n<p style=\"text-align: right;\">23\/01\/2021<\/p>\n","protected":false},"excerpt":{"rendered":"<p>Caros Alunos Tempos dif\u00edceis estes em que n\u00e3o podemos fazer projetos ou planear com seguran\u00e7a e certeza as nossas inten\u00e7\u00f5es. Fica-nos a esperan\u00e7a de que tudo \u00e9 ef\u00e9mero e que num futuro pr\u00f3ximo retomaremos a \u00abnormalidade\u00bb que desejamos. A vida&#8230;<\/p>\n","protected":false},"author":1,"featured_media":4050,"comment_status":"closed","ping_status":"closed","sticky":false,"template":"","format":"standard","meta":{"footnotes":""},"categories":[1],"tags":[],"class_list":["post-4049","post","type-post","status-publish","format-standard","has-post-thumbnail","hentry","category-destaques"],"_links":{"self":[{"href":"https:\/\/www.aeirmaospassos.pt\/index.php?rest_route=\/wp\/v2\/posts\/4049","targetHints":{"allow":["GET"]}}],"collection":[{"href":"https:\/\/www.aeirmaospassos.pt\/index.php?rest_route=\/wp\/v2\/posts"}],"about":[{"href":"https:\/\/www.aeirmaospassos.pt\/index.php?rest_route=\/wp\/v2\/types\/post"}],"author":[{"embeddable":true,"href":"https:\/\/www.aeirmaospassos.pt\/index.php?rest_route=\/wp\/v2\/users\/1"}],"replies":[{"embeddable":true,"href":"https:\/\/www.aeirmaospassos.pt\/index.php?rest_route=%2Fwp%2Fv2%2Fcomments&post=4049"}],"version-history":[{"count":1,"href":"https:\/\/www.aeirmaospassos.pt\/index.php?rest_route=\/wp\/v2\/posts\/4049\/revisions"}],"predecessor-version":[{"id":4051,"href":"https:\/\/www.aeirmaospassos.pt\/index.php?rest_route=\/wp\/v2\/posts\/4049\/revisions\/4051"}],"wp:featuredmedia":[{"embeddable":true,"href":"https:\/\/www.aeirmaospassos.pt\/index.php?rest_route=\/wp\/v2\/media\/4050"}],"wp:attachment":[{"href":"https:\/\/www.aeirmaospassos.pt\/index.php?rest_route=%2Fwp%2Fv2%2Fmedia&parent=4049"}],"wp:term":[{"taxonomy":"category","embeddable":true,"href":"https:\/\/www.aeirmaospassos.pt\/index.php?rest_route=%2Fwp%2Fv2%2Fcategories&post=4049"},{"taxonomy":"post_tag","embeddable":true,"href":"https:\/\/www.aeirmaospassos.pt\/index.php?rest_route=%2Fwp%2Fv2%2Ftags&post=4049"}],"curies":[{"name":"wp","href":"https:\/\/api.w.org\/{rel}","templated":true}]}}