{"id":3913,"date":"2020-11-27T19:49:18","date_gmt":"2020-11-27T18:49:18","guid":{"rendered":"http:\/\/www.aeirmaospassos.pt\/?p=3913"},"modified":"2020-11-27T19:54:01","modified_gmt":"2020-11-27T18:54:01","slug":"aplicacao-caderneta-do-aluno","status":"publish","type":"post","link":"https:\/\/www.aeirmaospassos.pt\/?p=3913","title":{"rendered":"Aplica\u00e7\u00e3o-  Caderneta do Aluno"},"content":{"rendered":"<div><span style=\"color: #000000; font-family: trebuchet ms, sans-serif;\">Exmos Srs. Encarregados de Educa\u00e7\u00e3o,<\/span><\/div>\n<div><span style=\"color: #000000; font-family: trebuchet ms, sans-serif;\">\u00a0<\/span><\/div>\n<div><span style=\"color: #000000;\">O Minist\u00e9rio da Educa\u00e7\u00e3o disponibilizou uma Aplica\u00e7\u00e3o | <strong>App &#8211; Caderneta do Aluno<\/strong> para descarregar no telem\u00f3vel que permite aos Encarregados de Educa\u00e7\u00e3o consultarem as faltas, avalia\u00e7\u00f5es,\u00a0 observa\u00e7\u00f5es ou ocorr\u00eancias do seu educando, bem como outras op\u00e7\u00f5es.<\/span><\/div>\n<p><!--more--><\/p>\n<div><span style=\"color: #000000;\">Consulte as instru\u00e7\u00f5es para a instala\u00e7\u00e3o desta aplica\u00e7\u00e3o, bem como, as instru\u00e7\u00f5es para solicitar a <strong>Chave M\u00f3vel Digital (CMD)<\/strong>, pois <strong>\u00e9 necess\u00e1ria para ter acesso \u00e0 Aplica\u00e7\u00e3o<\/strong>.<\/span><\/div>\n<div><\/div>\n<div><span style=\"text-decoration: underline;\"><a href=\"http:\/\/www.aeirmaospassos.pt\/wp-content\/uploads\/2020\/11\/CadAluno_Manual-de-Utilizador1-compactado.pdf\"><strong><span style=\"color: #0000ff; text-decoration: underline;\">Caderneta do Aluno &#8211; Manual de Utilizador<\/span><\/strong><\/a><\/span><\/div>\n<div><\/div>\n<div><strong><span style=\"color: #0000ff;\"><a style=\"color: #0000ff;\" href=\"http:\/\/www.aeirmaospassos.pt\/wp-content\/uploads\/2020\/11\/Manual-CMD1.pdf\"><span style=\"text-decoration: underline;\">Manual &#8211; Chave M\u00f3vel Digital<\/span><\/a><\/span><\/strong><\/div>\n<div><\/div>\n<div><\/div>\n<div><a href=\"http:\/\/www.aeirmaospassos.pt\/wp-content\/uploads\/2020\/11\/Capturar1-1.jpg\"><img loading=\"lazy\" decoding=\"async\" class=\" wp-image-3917 aligncenter\" src=\"http:\/\/www.aeirmaospassos.pt\/wp-content\/uploads\/2020\/11\/Capturar1-1-1024x475.jpg\" alt=\"\" width=\"741\" height=\"344\" srcset=\"https:\/\/www.aeirmaospassos.pt\/wp-content\/uploads\/2020\/11\/Capturar1-1-1024x475.jpg 1024w, https:\/\/www.aeirmaospassos.pt\/wp-content\/uploads\/2020\/11\/Capturar1-1-300x139.jpg 300w, https:\/\/www.aeirmaospassos.pt\/wp-content\/uploads\/2020\/11\/Capturar1-1-768x356.jpg 768w, https:\/\/www.aeirmaospassos.pt\/wp-content\/uploads\/2020\/11\/Capturar1-1-1536x713.jpg 1536w, https:\/\/www.aeirmaospassos.pt\/wp-content\/uploads\/2020\/11\/Capturar1-1.jpg 1552w\" sizes=\"auto, (max-width: 741px) 100vw, 741px\" \/><\/a> <a href=\"http:\/\/www.aeirmaospassos.pt\/wp-content\/uploads\/2020\/11\/Capturar2.jpg\"><img loading=\"lazy\" decoding=\"async\" class=\" wp-image-3918 aligncenter\" src=\"http:\/\/www.aeirmaospassos.pt\/wp-content\/uploads\/2020\/11\/Capturar2.jpg\" alt=\"\" width=\"596\" height=\"411\" srcset=\"https:\/\/www.aeirmaospassos.pt\/wp-content\/uploads\/2020\/11\/Capturar2.jpg 1009w, https:\/\/www.aeirmaospassos.pt\/wp-content\/uploads\/2020\/11\/Capturar2-300x207.jpg 300w, https:\/\/www.aeirmaospassos.pt\/wp-content\/uploads\/2020\/11\/Capturar2-768x529.jpg 768w, https:\/\/www.aeirmaospassos.pt\/wp-content\/uploads\/2020\/11\/Capturar2-870x600.jpg 870w\" sizes=\"auto, (max-width: 596px) 100vw, 596px\" \/><\/a><\/div>\n","protected":false},"excerpt":{"rendered":"<p>Exmos Srs. Encarregados de Educa\u00e7\u00e3o, \u00a0 O Minist\u00e9rio da Educa\u00e7\u00e3o disponibilizou uma Aplica\u00e7\u00e3o | App &#8211; Caderneta do Aluno para descarregar no telem\u00f3vel que permite aos Encarregados de Educa\u00e7\u00e3o consultarem as faltas, avalia\u00e7\u00f5es,\u00a0 observa\u00e7\u00f5es ou ocorr\u00eancias do seu educando, bem&#8230;<\/p>\n","protected":false},"author":1,"featured_media":3919,"comment_status":"closed","ping_status":"closed","sticky":false,"template":"","format":"standard","meta":{"footnotes":""},"categories":[1],"tags":[],"class_list":["post-3913","post","type-post","status-publish","format-standard","has-post-thumbnail","hentry","category-destaques"],"_links":{"self":[{"href":"https:\/\/www.aeirmaospassos.pt\/index.php?rest_route=\/wp\/v2\/posts\/3913","targetHints":{"allow":["GET"]}}],"collection":[{"href":"https:\/\/www.aeirmaospassos.pt\/index.php?rest_route=\/wp\/v2\/posts"}],"about":[{"href":"https:\/\/www.aeirmaospassos.pt\/index.php?rest_route=\/wp\/v2\/types\/post"}],"author":[{"embeddable":true,"href":"https:\/\/www.aeirmaospassos.pt\/index.php?rest_route=\/wp\/v2\/users\/1"}],"replies":[{"embeddable":true,"href":"https:\/\/www.aeirmaospassos.pt\/index.php?rest_route=%2Fwp%2Fv2%2Fcomments&post=3913"}],"version-history":[{"count":2,"href":"https:\/\/www.aeirmaospassos.pt\/index.php?rest_route=\/wp\/v2\/posts\/3913\/revisions"}],"predecessor-version":[{"id":3921,"href":"https:\/\/www.aeirmaospassos.pt\/index.php?rest_route=\/wp\/v2\/posts\/3913\/revisions\/3921"}],"wp:featuredmedia":[{"embeddable":true,"href":"https:\/\/www.aeirmaospassos.pt\/index.php?rest_route=\/wp\/v2\/media\/3919"}],"wp:attachment":[{"href":"https:\/\/www.aeirmaospassos.pt\/index.php?rest_route=%2Fwp%2Fv2%2Fmedia&parent=3913"}],"wp:term":[{"taxonomy":"category","embeddable":true,"href":"https:\/\/www.aeirmaospassos.pt\/index.php?rest_route=%2Fwp%2Fv2%2Fcategories&post=3913"},{"taxonomy":"post_tag","embeddable":true,"href":"https:\/\/www.aeirmaospassos.pt\/index.php?rest_route=%2Fwp%2Fv2%2Ftags&post=3913"}],"curies":[{"name":"wp","href":"https:\/\/api.w.org\/{rel}","templated":true}]}}