{"id":3880,"date":"2020-10-22T16:27:33","date_gmt":"2020-10-22T15:27:33","guid":{"rendered":"http:\/\/www.aeirmaospassos.pt\/?p=3880"},"modified":"2020-10-22T16:27:33","modified_gmt":"2020-10-22T15:27:33","slug":"aviso-aos-encarregados-de-educacao","status":"publish","type":"post","link":"https:\/\/www.aeirmaospassos.pt\/?p=3880","title":{"rendered":"Aviso aos Encarregados de Educa\u00e7\u00e3o"},"content":{"rendered":"<p>Informamos os Encarregados de Educa\u00e7\u00e3o dos seguintes pr\u00e9-avisos de greve:<!--more--><\/p>\n<p><strong>&#8211; Pr\u00e9-aviso de greve dos trabalhadores da Autarquia &#8211; dia 23 de outubro de 2020<\/strong><\/p>\n<p>Considerando o pr\u00e9-aviso de greve dos trabalhadores de Autarquia para o dia 23 de outubro de 2020, sexta-feira, informamos os encarregados de educa\u00e7\u00e3o que, neste dia, poder\u00e1 estar condicionado o funcionamento das escolas deste Agrupamento, podendo at\u00e9 ocorrer o seu encerramento.<\/p>\n<p><strong>&#8211; Pr\u00e9-aviso de greve dos trabalhadores dos refeit\u00f3rios escolares &#8211; dia 26 de outubro de 2020 <\/strong>Considerando o pr\u00e9-aviso de greve dos trabalhadores dos refeit\u00f3rios escolares, agendada para dia 26 de outubro de 2020, segunda-feira, informamos os encarregados de educa\u00e7\u00e3o que neste dia poder\u00e1 n\u00e3o existir o fornecimento de refei\u00e7\u00f5es na escola. Se o refeit\u00f3rio escolar n\u00e3o funcionar compete aos encarregados de educa\u00e7\u00e3o assegurar a refei\u00e7\u00e3o ao seu educando.<\/p>\n<p><strong>Neste dia n\u00e3o ser\u00e1 assegurado o fornecimento de merendas escolares em nenhuma Escola do Pr\u00e9-Escolar e 1.\u00ba ciclo.<\/strong><\/p>\n","protected":false},"excerpt":{"rendered":"<p>Informamos os Encarregados de Educa\u00e7\u00e3o dos seguintes pr\u00e9-avisos de greve:<\/p>\n","protected":false},"author":1,"featured_media":3706,"comment_status":"closed","ping_status":"closed","sticky":false,"template":"","format":"standard","meta":{"footnotes":""},"categories":[1],"tags":[],"class_list":["post-3880","post","type-post","status-publish","format-standard","has-post-thumbnail","hentry","category-destaques"],"_links":{"self":[{"href":"https:\/\/www.aeirmaospassos.pt\/index.php?rest_route=\/wp\/v2\/posts\/3880","targetHints":{"allow":["GET"]}}],"collection":[{"href":"https:\/\/www.aeirmaospassos.pt\/index.php?rest_route=\/wp\/v2\/posts"}],"about":[{"href":"https:\/\/www.aeirmaospassos.pt\/index.php?rest_route=\/wp\/v2\/types\/post"}],"author":[{"embeddable":true,"href":"https:\/\/www.aeirmaospassos.pt\/index.php?rest_route=\/wp\/v2\/users\/1"}],"replies":[{"embeddable":true,"href":"https:\/\/www.aeirmaospassos.pt\/index.php?rest_route=%2Fwp%2Fv2%2Fcomments&post=3880"}],"version-history":[{"count":1,"href":"https:\/\/www.aeirmaospassos.pt\/index.php?rest_route=\/wp\/v2\/posts\/3880\/revisions"}],"predecessor-version":[{"id":3881,"href":"https:\/\/www.aeirmaospassos.pt\/index.php?rest_route=\/wp\/v2\/posts\/3880\/revisions\/3881"}],"wp:featuredmedia":[{"embeddable":true,"href":"https:\/\/www.aeirmaospassos.pt\/index.php?rest_route=\/wp\/v2\/media\/3706"}],"wp:attachment":[{"href":"https:\/\/www.aeirmaospassos.pt\/index.php?rest_route=%2Fwp%2Fv2%2Fmedia&parent=3880"}],"wp:term":[{"taxonomy":"category","embeddable":true,"href":"https:\/\/www.aeirmaospassos.pt\/index.php?rest_route=%2Fwp%2Fv2%2Fcategories&post=3880"},{"taxonomy":"post_tag","embeddable":true,"href":"https:\/\/www.aeirmaospassos.pt\/index.php?rest_route=%2Fwp%2Fv2%2Ftags&post=3880"}],"curies":[{"name":"wp","href":"https:\/\/api.w.org\/{rel}","templated":true}]}}