{"id":3848,"date":"2020-09-18T19:08:55","date_gmt":"2020-09-18T18:08:55","guid":{"rendered":"http:\/\/www.aeirmaospassos.pt\/?p=3848"},"modified":"2020-09-18T19:14:07","modified_gmt":"2020-09-18T18:14:07","slug":"refeicoes-escolares-2ociclo-5o-e-6o-anos","status":"publish","type":"post","link":"https:\/\/www.aeirmaospassos.pt\/?p=3848","title":{"rendered":"Refei\u00e7\u00f5es Escolares &#8211; 2\u00baCiclo (5\u00ba e 6\u00ba anos)"},"content":{"rendered":"<p>Consulte as novas informa\u00e7\u00f5es sobre o servi\u00e7o de refei\u00e7\u00f5es.<!--more--><\/p>\n<p>A Dire\u00e7\u00e3o do AEIP agradece a todos os Encarregados de Educa\u00e7\u00e3o a forma como t\u00eam colaborado no sentido de minimizar as consequ\u00eancias e os constrangimentos na nova realidade escolar dos seus educandos. <strong>Sens\u00edveis a esta situa\u00e7\u00e3o, o AEIP vem auscultando as fam\u00edlias relativamente \u00e0s necessidades extremas e excecionais dos seus educandos<\/strong> utilizarem as instala\u00e7\u00f5es da Cantina Escolar para almo\u00e7ar. Nesse sentido, <strong>APELAMOS<\/strong> a que todos os alunos do 2.\u00ba ciclo (5.\u00ba e 6.\u00ba ano) continuem a almo\u00e7ar com a modalidade de TAKE AWAY. No entanto, todos os encarregados de educa\u00e7\u00e3o que necessitem que o seu educando almoce na escola devem enviar um email para <a href=\"mailto:secretaria@aeip.pt\">secretaria@aeip.pt<\/a>, indicando o nome completo, o ano e a turma do seu educando. <strong>A possibilidade de almo\u00e7ar na escola ter\u00e1 in\u00edcio no dia 23 de setembro 2020 entre as 13h 30m e as 14h. Ap\u00f3s a refei\u00e7\u00e3o o aluno ter\u00e1 de sair de imediato do recinto escolar.<\/strong><\/p>\n<p style=\"text-align: right;\">O Diretor<\/p>\n<p style=\"text-align: right;\">Paulo Gaspar<\/p>\n","protected":false},"excerpt":{"rendered":"<p>Consulte as novas informa\u00e7\u00f5es sobre o servi\u00e7o de refei\u00e7\u00f5es.<\/p>\n","protected":false},"author":1,"featured_media":3849,"comment_status":"closed","ping_status":"closed","sticky":false,"template":"","format":"standard","meta":{"footnotes":""},"categories":[1],"tags":[],"class_list":["post-3848","post","type-post","status-publish","format-standard","has-post-thumbnail","hentry","category-destaques"],"_links":{"self":[{"href":"https:\/\/www.aeirmaospassos.pt\/index.php?rest_route=\/wp\/v2\/posts\/3848","targetHints":{"allow":["GET"]}}],"collection":[{"href":"https:\/\/www.aeirmaospassos.pt\/index.php?rest_route=\/wp\/v2\/posts"}],"about":[{"href":"https:\/\/www.aeirmaospassos.pt\/index.php?rest_route=\/wp\/v2\/types\/post"}],"author":[{"embeddable":true,"href":"https:\/\/www.aeirmaospassos.pt\/index.php?rest_route=\/wp\/v2\/users\/1"}],"replies":[{"embeddable":true,"href":"https:\/\/www.aeirmaospassos.pt\/index.php?rest_route=%2Fwp%2Fv2%2Fcomments&post=3848"}],"version-history":[{"count":5,"href":"https:\/\/www.aeirmaospassos.pt\/index.php?rest_route=\/wp\/v2\/posts\/3848\/revisions"}],"predecessor-version":[{"id":3854,"href":"https:\/\/www.aeirmaospassos.pt\/index.php?rest_route=\/wp\/v2\/posts\/3848\/revisions\/3854"}],"wp:featuredmedia":[{"embeddable":true,"href":"https:\/\/www.aeirmaospassos.pt\/index.php?rest_route=\/wp\/v2\/media\/3849"}],"wp:attachment":[{"href":"https:\/\/www.aeirmaospassos.pt\/index.php?rest_route=%2Fwp%2Fv2%2Fmedia&parent=3848"}],"wp:term":[{"taxonomy":"category","embeddable":true,"href":"https:\/\/www.aeirmaospassos.pt\/index.php?rest_route=%2Fwp%2Fv2%2Fcategories&post=3848"},{"taxonomy":"post_tag","embeddable":true,"href":"https:\/\/www.aeirmaospassos.pt\/index.php?rest_route=%2Fwp%2Fv2%2Ftags&post=3848"}],"curies":[{"name":"wp","href":"https:\/\/api.w.org\/{rel}","templated":true}]}}