{"id":3798,"date":"2020-09-14T16:43:23","date_gmt":"2020-09-14T15:43:23","guid":{"rendered":"http:\/\/www.aeirmaospassos.pt\/?p=3798"},"modified":"2020-09-14T16:43:37","modified_gmt":"2020-09-14T15:43:37","slug":"rececao-aos-alunos-16-de-setembro-de-2020","status":"publish","type":"post","link":"https:\/\/www.aeirmaospassos.pt\/?p=3798","title":{"rendered":"Rece\u00e7\u00e3o aos Alunos- 16 de setembro de 2020"},"content":{"rendered":"<p>Consulte o hor\u00e1rio da rece\u00e7\u00e3o aos alunos no dia 16 de setembro<!--more--><\/p>\n<p><strong>Pr\u00e9-escolar e 1\u00ba Anos<\/strong><\/p>\n<p><a href=\"http:\/\/www.aeirmaospassos.pt\/wp-content\/uploads\/2020\/09\/Capturar1.jpg\"><img loading=\"lazy\" decoding=\"async\" class=\" wp-image-3799 aligncenter\" src=\"http:\/\/www.aeirmaospassos.pt\/wp-content\/uploads\/2020\/09\/Capturar1.jpg\" alt=\"\" width=\"787\" height=\"504\" srcset=\"https:\/\/www.aeirmaospassos.pt\/wp-content\/uploads\/2020\/09\/Capturar1.jpg 735w, https:\/\/www.aeirmaospassos.pt\/wp-content\/uploads\/2020\/09\/Capturar1-300x192.jpg 300w\" sizes=\"auto, (max-width: 787px) 100vw, 787px\" \/><\/a><\/p>\n<p><strong>Rece\u00e7\u00e3o aos Alunos <\/strong><strong>2\u00ba e 3\u00ba Ciclos<\/strong><\/p>\n<p><a href=\"http:\/\/www.aeirmaospassos.pt\/wp-content\/uploads\/2020\/09\/Capturar2.jpg\"><img loading=\"lazy\" decoding=\"async\" class=\" wp-image-3800 aligncenter\" src=\"http:\/\/www.aeirmaospassos.pt\/wp-content\/uploads\/2020\/09\/Capturar2.jpg\" alt=\"\" width=\"801\" height=\"320\" srcset=\"https:\/\/www.aeirmaospassos.pt\/wp-content\/uploads\/2020\/09\/Capturar2.jpg 739w, https:\/\/www.aeirmaospassos.pt\/wp-content\/uploads\/2020\/09\/Capturar2-300x120.jpg 300w\" sizes=\"auto, (max-width: 801px) 100vw, 801px\" \/><\/a><\/p>\n<p>No dia <strong>17 de setembro TODAS AS TURMAS do AEIP<\/strong> iniciam as suas atividades letivas de acordo com o seu hor\u00e1rio<\/p>\n<p>&nbsp;<\/p>\n<p>&nbsp;<\/p>\n","protected":false},"excerpt":{"rendered":"<p>Consulte o hor\u00e1rio da rece\u00e7\u00e3o aos alunos no dia 16 de setembro<\/p>\n","protected":false},"author":1,"featured_media":3801,"comment_status":"closed","ping_status":"closed","sticky":false,"template":"","format":"standard","meta":{"footnotes":""},"categories":[1],"tags":[],"class_list":["post-3798","post","type-post","status-publish","format-standard","has-post-thumbnail","hentry","category-destaques"],"_links":{"self":[{"href":"https:\/\/www.aeirmaospassos.pt\/index.php?rest_route=\/wp\/v2\/posts\/3798","targetHints":{"allow":["GET"]}}],"collection":[{"href":"https:\/\/www.aeirmaospassos.pt\/index.php?rest_route=\/wp\/v2\/posts"}],"about":[{"href":"https:\/\/www.aeirmaospassos.pt\/index.php?rest_route=\/wp\/v2\/types\/post"}],"author":[{"embeddable":true,"href":"https:\/\/www.aeirmaospassos.pt\/index.php?rest_route=\/wp\/v2\/users\/1"}],"replies":[{"embeddable":true,"href":"https:\/\/www.aeirmaospassos.pt\/index.php?rest_route=%2Fwp%2Fv2%2Fcomments&post=3798"}],"version-history":[{"count":1,"href":"https:\/\/www.aeirmaospassos.pt\/index.php?rest_route=\/wp\/v2\/posts\/3798\/revisions"}],"predecessor-version":[{"id":3802,"href":"https:\/\/www.aeirmaospassos.pt\/index.php?rest_route=\/wp\/v2\/posts\/3798\/revisions\/3802"}],"wp:featuredmedia":[{"embeddable":true,"href":"https:\/\/www.aeirmaospassos.pt\/index.php?rest_route=\/wp\/v2\/media\/3801"}],"wp:attachment":[{"href":"https:\/\/www.aeirmaospassos.pt\/index.php?rest_route=%2Fwp%2Fv2%2Fmedia&parent=3798"}],"wp:term":[{"taxonomy":"category","embeddable":true,"href":"https:\/\/www.aeirmaospassos.pt\/index.php?rest_route=%2Fwp%2Fv2%2Fcategories&post=3798"},{"taxonomy":"post_tag","embeddable":true,"href":"https:\/\/www.aeirmaospassos.pt\/index.php?rest_route=%2Fwp%2Fv2%2Ftags&post=3798"}],"curies":[{"name":"wp","href":"https:\/\/api.w.org\/{rel}","templated":true}]}}