{"id":3655,"date":"2020-07-27T21:21:15","date_gmt":"2020-07-27T20:21:15","guid":{"rendered":"http:\/\/www.aeirmaospassos.pt\/?p=3655"},"modified":"2020-07-27T21:21:15","modified_gmt":"2020-07-27T20:21:15","slug":"transporte-escolar-2020-2021","status":"publish","type":"post","link":"https:\/\/www.aeirmaospassos.pt\/?p=3655","title":{"rendered":"Transporte Escolar 2020\/2021"},"content":{"rendered":"<p>Os Encarregados de Educa\u00e7\u00e3o dos Alunos que pretendam usufruir de Transporte Escolar no Ano Letivo de 2020\/2021, devem ler atentamente a informa\u00e7\u00e3o disponibilizada pela C\u00e2mara Municipal de Matosinhos. O pedido dever\u00e1 ser enviado para o email <span style=\"color: #0000ff;\"><a style=\"color: #0000ff;\" href=\"mailto:alunos@aeip.pt\" target=\"_blank\" rel=\"noopener noreferrer\">alunos@aeip.pt<\/a><\/span> , com indica\u00e7\u00e3o do nome completo do aluno, NIF, escola e ano que ir\u00e1 frequentar no ano lectivo 2020\/2021.<\/p>\n<p>Consulte toda a informa\u00e7\u00e3o <span style=\"color: #0000ff;\"><strong><a style=\"color: #0000ff; text-decoration: underline;\" href=\"http:\/\/www.aeirmaospassos.pt\/wp-content\/uploads\/2020\/07\/Orienta\u00e7\u00f5es-TE-2020-2021-vf.pdf\">AQUI<\/a><\/strong><\/span><\/p>\n","protected":false},"excerpt":{"rendered":"<p>Os Encarregados de Educa\u00e7\u00e3o dos Alunos que pretendam usufruir de Transporte Escolar no Ano Letivo de 2020\/2021, devem ler atentamente a informa\u00e7\u00e3o disponibilizada pela C\u00e2mara Municipal de Matosinhos. O pedido dever\u00e1 ser enviado para o email alunos@aeip.pt , com indica\u00e7\u00e3o&#8230;<\/p>\n","protected":false},"author":1,"featured_media":3093,"comment_status":"closed","ping_status":"closed","sticky":false,"template":"","format":"standard","meta":{"footnotes":""},"categories":[1],"tags":[],"class_list":["post-3655","post","type-post","status-publish","format-standard","has-post-thumbnail","hentry","category-destaques"],"_links":{"self":[{"href":"https:\/\/www.aeirmaospassos.pt\/index.php?rest_route=\/wp\/v2\/posts\/3655","targetHints":{"allow":["GET"]}}],"collection":[{"href":"https:\/\/www.aeirmaospassos.pt\/index.php?rest_route=\/wp\/v2\/posts"}],"about":[{"href":"https:\/\/www.aeirmaospassos.pt\/index.php?rest_route=\/wp\/v2\/types\/post"}],"author":[{"embeddable":true,"href":"https:\/\/www.aeirmaospassos.pt\/index.php?rest_route=\/wp\/v2\/users\/1"}],"replies":[{"embeddable":true,"href":"https:\/\/www.aeirmaospassos.pt\/index.php?rest_route=%2Fwp%2Fv2%2Fcomments&post=3655"}],"version-history":[{"count":1,"href":"https:\/\/www.aeirmaospassos.pt\/index.php?rest_route=\/wp\/v2\/posts\/3655\/revisions"}],"predecessor-version":[{"id":3657,"href":"https:\/\/www.aeirmaospassos.pt\/index.php?rest_route=\/wp\/v2\/posts\/3655\/revisions\/3657"}],"wp:featuredmedia":[{"embeddable":true,"href":"https:\/\/www.aeirmaospassos.pt\/index.php?rest_route=\/wp\/v2\/media\/3093"}],"wp:attachment":[{"href":"https:\/\/www.aeirmaospassos.pt\/index.php?rest_route=%2Fwp%2Fv2%2Fmedia&parent=3655"}],"wp:term":[{"taxonomy":"category","embeddable":true,"href":"https:\/\/www.aeirmaospassos.pt\/index.php?rest_route=%2Fwp%2Fv2%2Fcategories&post=3655"},{"taxonomy":"post_tag","embeddable":true,"href":"https:\/\/www.aeirmaospassos.pt\/index.php?rest_route=%2Fwp%2Fv2%2Ftags&post=3655"}],"curies":[{"name":"wp","href":"https:\/\/api.w.org\/{rel}","templated":true}]}}