{"id":3310,"date":"2019-12-17T12:44:53","date_gmt":"2019-12-17T11:44:53","guid":{"rendered":"http:\/\/www.aeirmaospassos.pt\/?p=3310"},"modified":"2019-12-17T12:45:10","modified_gmt":"2019-12-17T11:45:10","slug":"campeonato-da-matematica-3o-ano","status":"publish","type":"post","link":"https:\/\/www.aeirmaospassos.pt\/?p=3310","title":{"rendered":"Campeonato da Matem\u00e1tica &#8211; 3\u00ba ano"},"content":{"rendered":"<p>Os alunos do 3\u00baano, esta quinta-feira, dirigiram-se \u00e0 EB Irm\u00e3os Passos e EB de Cust\u00f3ias para realizaram o Campeonato da Matem\u00e1tica. O grupo de 3\u00ba ano realizou mensalmente um &#8220;problema mensal&#8221; e os alunos que melhor resultado obtiveram, ao longo do 1\u00ba Per\u00edodo, foram selecionados para o campeonato. Neste encontro, os alunos de todas as escolas do Agrupamento, do 3\u00baano de escolaridade, partilharam conhecimento e a sua motiva\u00e7\u00e3o aumentou na disciplina da Matem\u00e1tica.<\/p>\n<p>Parab\u00e9ns aos NOSSOS MATEM\u00c1TICOS!!!\u00a0 At\u00e9 ao pr\u00f3ximo per\u00edodo&#8230;<\/p>\n<p><a href=\"http:\/\/www.aeirmaospassos.pt\/wp-content\/uploads\/2019\/12\/1.jpg\"><img loading=\"lazy\" decoding=\"async\" class=\"size-large wp-image-3311 aligncenter\" src=\"http:\/\/www.aeirmaospassos.pt\/wp-content\/uploads\/2019\/12\/1-1024x575.jpg\" alt=\"\" width=\"640\" height=\"359\" srcset=\"https:\/\/www.aeirmaospassos.pt\/wp-content\/uploads\/2019\/12\/1-1024x575.jpg 1024w, https:\/\/www.aeirmaospassos.pt\/wp-content\/uploads\/2019\/12\/1-300x168.jpg 300w, https:\/\/www.aeirmaospassos.pt\/wp-content\/uploads\/2019\/12\/1-768x431.jpg 768w\" sizes=\"auto, (max-width: 640px) 100vw, 640px\" \/><\/a><\/p>\n<p><a href=\"http:\/\/www.aeirmaospassos.pt\/wp-content\/uploads\/2019\/12\/2.jpg\"><img loading=\"lazy\" decoding=\"async\" class=\"size-large wp-image-3312 aligncenter\" src=\"http:\/\/www.aeirmaospassos.pt\/wp-content\/uploads\/2019\/12\/2-1024x575.jpg\" alt=\"\" width=\"640\" height=\"359\" srcset=\"https:\/\/www.aeirmaospassos.pt\/wp-content\/uploads\/2019\/12\/2-1024x575.jpg 1024w, https:\/\/www.aeirmaospassos.pt\/wp-content\/uploads\/2019\/12\/2-300x168.jpg 300w, https:\/\/www.aeirmaospassos.pt\/wp-content\/uploads\/2019\/12\/2-768x431.jpg 768w\" sizes=\"auto, (max-width: 640px) 100vw, 640px\" \/><\/a><\/p>\n<p><a href=\"http:\/\/www.aeirmaospassos.pt\/wp-content\/uploads\/2019\/12\/3.jpg\"><img loading=\"lazy\" decoding=\"async\" class=\"size-large wp-image-3313 aligncenter\" src=\"http:\/\/www.aeirmaospassos.pt\/wp-content\/uploads\/2019\/12\/3-575x1024.jpg\" alt=\"\" width=\"575\" height=\"1024\" srcset=\"https:\/\/www.aeirmaospassos.pt\/wp-content\/uploads\/2019\/12\/3-575x1024.jpg 575w, https:\/\/www.aeirmaospassos.pt\/wp-content\/uploads\/2019\/12\/3-168x300.jpg 168w, https:\/\/www.aeirmaospassos.pt\/wp-content\/uploads\/2019\/12\/3-768x1368.jpg 768w\" sizes=\"auto, (max-width: 575px) 100vw, 575px\" \/><\/a><\/p>\n","protected":false},"excerpt":{"rendered":"<p>Os alunos do 3\u00baano, esta quinta-feira, dirigiram-se \u00e0 EB Irm\u00e3os Passos e EB de Cust\u00f3ias para realizaram o Campeonato da Matem\u00e1tica. O grupo de 3\u00ba ano realizou mensalmente um &#8220;problema mensal&#8221; e os alunos que melhor resultado obtiveram, ao longo&#8230;<\/p>\n","protected":false},"author":1,"featured_media":3314,"comment_status":"closed","ping_status":"closed","sticky":false,"template":"","format":"standard","meta":{"footnotes":""},"categories":[1],"tags":[],"class_list":["post-3310","post","type-post","status-publish","format-standard","has-post-thumbnail","hentry","category-destaques"],"_links":{"self":[{"href":"https:\/\/www.aeirmaospassos.pt\/index.php?rest_route=\/wp\/v2\/posts\/3310","targetHints":{"allow":["GET"]}}],"collection":[{"href":"https:\/\/www.aeirmaospassos.pt\/index.php?rest_route=\/wp\/v2\/posts"}],"about":[{"href":"https:\/\/www.aeirmaospassos.pt\/index.php?rest_route=\/wp\/v2\/types\/post"}],"author":[{"embeddable":true,"href":"https:\/\/www.aeirmaospassos.pt\/index.php?rest_route=\/wp\/v2\/users\/1"}],"replies":[{"embeddable":true,"href":"https:\/\/www.aeirmaospassos.pt\/index.php?rest_route=%2Fwp%2Fv2%2Fcomments&post=3310"}],"version-history":[{"count":2,"href":"https:\/\/www.aeirmaospassos.pt\/index.php?rest_route=\/wp\/v2\/posts\/3310\/revisions"}],"predecessor-version":[{"id":3316,"href":"https:\/\/www.aeirmaospassos.pt\/index.php?rest_route=\/wp\/v2\/posts\/3310\/revisions\/3316"}],"wp:featuredmedia":[{"embeddable":true,"href":"https:\/\/www.aeirmaospassos.pt\/index.php?rest_route=\/wp\/v2\/media\/3314"}],"wp:attachment":[{"href":"https:\/\/www.aeirmaospassos.pt\/index.php?rest_route=%2Fwp%2Fv2%2Fmedia&parent=3310"}],"wp:term":[{"taxonomy":"category","embeddable":true,"href":"https:\/\/www.aeirmaospassos.pt\/index.php?rest_route=%2Fwp%2Fv2%2Fcategories&post=3310"},{"taxonomy":"post_tag","embeddable":true,"href":"https:\/\/www.aeirmaospassos.pt\/index.php?rest_route=%2Fwp%2Fv2%2Ftags&post=3310"}],"curies":[{"name":"wp","href":"https:\/\/api.w.org\/{rel}","templated":true}]}}