{"id":2971,"date":"2019-02-08T14:32:35","date_gmt":"2019-02-08T13:32:35","guid":{"rendered":"http:\/\/www.aeirmaospassos.pt\/?p=2971"},"modified":"2019-02-08T14:47:44","modified_gmt":"2019-02-08T13:47:44","slug":"palestra-indisciplina-e-diferenciacao-pedagogica-dr-a-ariana-cosme","status":"publish","type":"post","link":"https:\/\/www.aeirmaospassos.pt\/?p=2971","title":{"rendered":"Palestra (14-02-2019 Audit\u00f3rio IP) &#8211; Indisciplina e Diferencia\u00e7\u00e3o Pedag\u00f3gica &#8211; Dr.\u00aa Ariana Cosme"},"content":{"rendered":"<div class=\"col-xs-5 col-lg-3 col-sm-4 col-lg-offset-4\">\n<div class=\"author-image\">\n<div class=\"thumb lazy lazy-loaded\" data-original=\"https:\/\/images.portoeditora.pt\/getresourcesservlet\/GetResource?elFt1liqKrnFksJ2CkHwTvHvOtk4d7UEhmliB64m5rw=\"><img loading=\"lazy\" decoding=\"async\" class=\"alignleft\" src=\"https:\/\/images.portoeditora.pt\/getresourcesservlet\/GetResource?elFt1liqKrnFksJ2CkHwTvHvOtk4d7UEhmliB64m5rw=\" alt=\"https:\/\/images.portoeditora.pt\/getresourcesservlet\/GetResource?elFt1liqKrnFksJ2CkHwTvHvOtk4d7UEhmliB64m5rw=\" width=\"195\" height=\"293\" \/><\/div>\n<\/div>\n<\/div>\n<div class=\"col-xs-7 col-lg-5 col-sm-7 col-lg-6 set-35margin-left\">\n<div class=\"row\">\n<div class=\"col-sm-12\">\n<div class=\"author-description\">\n<div data-vo-toggle=\"author-description-text\" data-final-height=\"306\" data-starting-height=\"162\"><strong>Nota Biogr\u00e1fica &#8211;<\/strong><\/div>\n<div class=\"external-content line-clamp-initialized open\" style=\"text-align: left;\" data-vo-toggle=\"author-description-text\" data-final-height=\"306\" data-starting-height=\"162\">Ariana Cosme \u00e9 professora na Faculdade de Psicologia e de Ci\u00eancias da Educa\u00e7\u00e3o na Universidade do Porto onde coordena (em colabora\u00e7\u00e3o) o Observat\u00f3rio de Vida das Escolas integrado no CIIE &#8211; Centro de Investiga\u00e7\u00e3o e Interven\u00e7\u00e3o Educativas.<br \/>\nDoutorada em Ci\u00eancias da Educa\u00e7\u00e3o pela Universidade do Porto, fez um P\u00f3s-Doutoramento no campo da Forma\u00e7\u00e3o de Professores na Pontif\u00edcia Universidade cat\u00f3lica do Paran\u00e1, Brasil, onde \u00e9 professora visitante.<br \/>\nAutora de obras que se debru\u00e7am sobre a problem\u00e1tica da media\u00e7\u00e3o educativa e pedag\u00f3gica e a reconfigura\u00e7\u00e3o da profiss\u00e3o docente, desenvolve essa reflex\u00e3o sobretudo no dom\u00ednio do Ensino B\u00e1sico e Secund\u00e1rio, o que justifica a interven\u00e7\u00e3o que tem vindo a desenvolver como formadora e consultora de escolas inseridas em Territ\u00f3rios Socialmente Vulner\u00e1veis (os TEIP) e em Projetos de Inova\u00e7\u00e3o Pedag\u00f3gica (os PPIP).<br \/>\n\u00c9 consultora do PAFC, Projeto Piloto de Autonomia e Flexibilidade Curricular, a convite do Minist\u00e9rio da Educa\u00e7\u00e3o.<\/div>\n<\/div>\n<\/div>\n<\/div>\n<\/div>\n","protected":false},"excerpt":{"rendered":"<p>Nota Biogr\u00e1fica &#8211; Ariana Cosme \u00e9 professora na Faculdade de Psicologia e de Ci\u00eancias da Educa\u00e7\u00e3o na Universidade do Porto onde coordena (em colabora\u00e7\u00e3o) o Observat\u00f3rio de Vida das Escolas integrado no CIIE &#8211; Centro de Investiga\u00e7\u00e3o e Interven\u00e7\u00e3o Educativas&#8230;.<\/p>\n","protected":false},"author":1,"featured_media":2976,"comment_status":"closed","ping_status":"closed","sticky":false,"template":"","format":"standard","meta":{"footnotes":""},"categories":[1],"tags":[],"class_list":["post-2971","post","type-post","status-publish","format-standard","has-post-thumbnail","hentry","category-destaques"],"_links":{"self":[{"href":"https:\/\/www.aeirmaospassos.pt\/index.php?rest_route=\/wp\/v2\/posts\/2971","targetHints":{"allow":["GET"]}}],"collection":[{"href":"https:\/\/www.aeirmaospassos.pt\/index.php?rest_route=\/wp\/v2\/posts"}],"about":[{"href":"https:\/\/www.aeirmaospassos.pt\/index.php?rest_route=\/wp\/v2\/types\/post"}],"author":[{"embeddable":true,"href":"https:\/\/www.aeirmaospassos.pt\/index.php?rest_route=\/wp\/v2\/users\/1"}],"replies":[{"embeddable":true,"href":"https:\/\/www.aeirmaospassos.pt\/index.php?rest_route=%2Fwp%2Fv2%2Fcomments&post=2971"}],"version-history":[{"count":5,"href":"https:\/\/www.aeirmaospassos.pt\/index.php?rest_route=\/wp\/v2\/posts\/2971\/revisions"}],"predecessor-version":[{"id":2977,"href":"https:\/\/www.aeirmaospassos.pt\/index.php?rest_route=\/wp\/v2\/posts\/2971\/revisions\/2977"}],"wp:featuredmedia":[{"embeddable":true,"href":"https:\/\/www.aeirmaospassos.pt\/index.php?rest_route=\/wp\/v2\/media\/2976"}],"wp:attachment":[{"href":"https:\/\/www.aeirmaospassos.pt\/index.php?rest_route=%2Fwp%2Fv2%2Fmedia&parent=2971"}],"wp:term":[{"taxonomy":"category","embeddable":true,"href":"https:\/\/www.aeirmaospassos.pt\/index.php?rest_route=%2Fwp%2Fv2%2Fcategories&post=2971"},{"taxonomy":"post_tag","embeddable":true,"href":"https:\/\/www.aeirmaospassos.pt\/index.php?rest_route=%2Fwp%2Fv2%2Ftags&post=2971"}],"curies":[{"name":"wp","href":"https:\/\/api.w.org\/{rel}","templated":true}]}}