{"id":2941,"date":"2019-01-31T12:42:33","date_gmt":"2019-01-31T11:42:33","guid":{"rendered":"http:\/\/www.aeirmaospassos.pt\/?p=2941"},"modified":"2019-01-31T18:59:53","modified_gmt":"2019-01-31T17:59:53","slug":"conferencia-stress-no-ensino-prof-dr-mota-cardoso","status":"publish","type":"post","link":"https:\/\/www.aeirmaospassos.pt\/?p=2941","title":{"rendered":"Confer\u00eancia- &#8220;Stress no ensino&#8221;  Prof. Dr. Mota Cardoso &#8211; 04\/02\/2019"},"content":{"rendered":"<p style=\"text-align: left;\"><a href=\"http:\/\/www.aeirmaospassos.pt\/wp-content\/uploads\/2019\/01\/CARTAZ.jpg\"><img loading=\"lazy\" decoding=\"async\" class=\"wp-image-2942 alignright\" src=\"http:\/\/www.aeirmaospassos.pt\/wp-content\/uploads\/2019\/01\/CARTAZ-724x1024.jpg\" alt=\"\" width=\"306\" height=\"433\" srcset=\"https:\/\/www.aeirmaospassos.pt\/wp-content\/uploads\/2019\/01\/CARTAZ-724x1024.jpg 724w, https:\/\/www.aeirmaospassos.pt\/wp-content\/uploads\/2019\/01\/CARTAZ-212x300.jpg 212w, https:\/\/www.aeirmaospassos.pt\/wp-content\/uploads\/2019\/01\/CARTAZ-768x1086.jpg 768w, https:\/\/www.aeirmaospassos.pt\/wp-content\/uploads\/2019\/01\/CARTAZ.jpg 1587w\" sizes=\"auto, (max-width: 306px) 100vw, 306px\" \/><\/a><strong>Nota biogr\u00e1fica &#8211;<br \/>\n<\/strong><\/p>\n<p class=\"biographicalNote\" style=\"text-align: left;\">\u00c9 Professor Catedr\u00e1tico da Faculdade de Medicina da Universidade do Porto e respons\u00e1vel pela reg\u00eancia da cadeira de Psicologia M\u00e9dica. Doutorou-se em Medicina, na especialidade de Psiquiatria pela Universidade do Porto, em 1985 mantendo interesse cient\u00edfico nas \u00e1reas de Psicossom\u00e1tica e Mem\u00f3ria. \u00c9 investigador s\u00e9nior do IPATIMUP (Instituto de Patologia e Imunologia Molecular da Universidade do Porto), membro da Academia de Ci\u00eancias M\u00e9dicas e investigador associado do CES. Fundou a Sociedade Portuguesa de Psicossom\u00e1tica e o Instituto de Preven\u00e7\u00e3o do Stress e Sa\u00fade Ocupacional, e \u00e9 membro fundador do Centro de Ci\u00eancia Cognitiva da Universidade do Porto. \u00c9 autor de O Stress nos Professores Portugueses. Estudo IPSSO (Porto Editora, 2002) e de &#8220;Cren\u00e7a e Mem\u00f3ria&#8221;, in Gil F, Livet P, Pina Cabral J, O Processo da Cren\u00e7a (Lisboa, Gradiva, 2004), entre outras publica\u00e7\u00f5es.<\/p>\n","protected":false},"excerpt":{"rendered":"<p>Nota biogr\u00e1fica &#8211; \u00c9 Professor Catedr\u00e1tico da Faculdade de Medicina da Universidade do Porto e respons\u00e1vel pela reg\u00eancia da cadeira de Psicologia M\u00e9dica. Doutorou-se em Medicina, na especialidade de Psiquiatria pela Universidade do Porto, em 1985 mantendo interesse cient\u00edfico nas&#8230;<\/p>\n","protected":false},"author":1,"featured_media":2942,"comment_status":"closed","ping_status":"closed","sticky":false,"template":"","format":"standard","meta":{"footnotes":""},"categories":[1],"tags":[],"class_list":["post-2941","post","type-post","status-publish","format-standard","has-post-thumbnail","hentry","category-destaques"],"_links":{"self":[{"href":"https:\/\/www.aeirmaospassos.pt\/index.php?rest_route=\/wp\/v2\/posts\/2941","targetHints":{"allow":["GET"]}}],"collection":[{"href":"https:\/\/www.aeirmaospassos.pt\/index.php?rest_route=\/wp\/v2\/posts"}],"about":[{"href":"https:\/\/www.aeirmaospassos.pt\/index.php?rest_route=\/wp\/v2\/types\/post"}],"author":[{"embeddable":true,"href":"https:\/\/www.aeirmaospassos.pt\/index.php?rest_route=\/wp\/v2\/users\/1"}],"replies":[{"embeddable":true,"href":"https:\/\/www.aeirmaospassos.pt\/index.php?rest_route=%2Fwp%2Fv2%2Fcomments&post=2941"}],"version-history":[{"count":4,"href":"https:\/\/www.aeirmaospassos.pt\/index.php?rest_route=\/wp\/v2\/posts\/2941\/revisions"}],"predecessor-version":[{"id":2947,"href":"https:\/\/www.aeirmaospassos.pt\/index.php?rest_route=\/wp\/v2\/posts\/2941\/revisions\/2947"}],"wp:featuredmedia":[{"embeddable":true,"href":"https:\/\/www.aeirmaospassos.pt\/index.php?rest_route=\/wp\/v2\/media\/2942"}],"wp:attachment":[{"href":"https:\/\/www.aeirmaospassos.pt\/index.php?rest_route=%2Fwp%2Fv2%2Fmedia&parent=2941"}],"wp:term":[{"taxonomy":"category","embeddable":true,"href":"https:\/\/www.aeirmaospassos.pt\/index.php?rest_route=%2Fwp%2Fv2%2Fcategories&post=2941"},{"taxonomy":"post_tag","embeddable":true,"href":"https:\/\/www.aeirmaospassos.pt\/index.php?rest_route=%2Fwp%2Fv2%2Ftags&post=2941"}],"curies":[{"name":"wp","href":"https:\/\/api.w.org\/{rel}","templated":true}]}}