{"id":2849,"date":"2018-12-11T18:22:53","date_gmt":"2018-12-11T17:22:53","guid":{"rendered":"http:\/\/www.aeirmaospassos.pt\/?p=2849"},"modified":"2018-12-11T18:24:13","modified_gmt":"2018-12-11T17:24:13","slug":"premio-escola-amiga-da-crianca","status":"publish","type":"post","link":"https:\/\/www.aeirmaospassos.pt\/?p=2849","title":{"rendered":"Pr\u00e9mio Escola Amiga da Crian\u00e7a"},"content":{"rendered":"<p>A Escola B\u00e1sica Irm\u00e3os Passos, foi agraciada com o selo Escola Amiga da Crian\u00e7a, na sua 1\u00aa Edi\u00e7\u00e3o, com o Projeto &#8220;Bem Me Quer&#8221; na sua categoria Forma\u00e7\u00e3o C\u00edvica, no ano letivo de 2017\/2018.<br \/>\nO objectivo do &#8220;Bem Me Quer&#8221; \u00e9 o apadrinhamento de alunos do 5\u00ba ano que tenham alguma fragilidade, por parte de colegas mais velhos.<br \/>\n\u00c9 um projeto muito acarinhado por todos.<br \/>\nEstamos todos de PARAB\u00c9NS!<\/p>\n<p><a href=\"http:\/\/www.aeirmaospassos.pt\/wp-content\/uploads\/2018\/12\/IMG_20181211_165628.jpg\"><img loading=\"lazy\" decoding=\"async\" class=\" wp-image-2850\" src=\"http:\/\/www.aeirmaospassos.pt\/wp-content\/uploads\/2018\/12\/IMG_20181211_165628-768x1024.jpg\" alt=\"\" width=\"266\" height=\"355\" srcset=\"https:\/\/www.aeirmaospassos.pt\/wp-content\/uploads\/2018\/12\/IMG_20181211_165628-768x1024.jpg 768w, https:\/\/www.aeirmaospassos.pt\/wp-content\/uploads\/2018\/12\/IMG_20181211_165628-225x300.jpg 225w\" sizes=\"auto, (max-width: 266px) 100vw, 266px\" \/><\/a><a href=\"http:\/\/www.aeirmaospassos.pt\/wp-content\/uploads\/2018\/12\/IMG_20181211_165641.jpg\"><img loading=\"lazy\" decoding=\"async\" class=\"wp-image-2851 alignright\" src=\"http:\/\/www.aeirmaospassos.pt\/wp-content\/uploads\/2018\/12\/IMG_20181211_165641-1024x768.jpg\" alt=\"\" width=\"450\" height=\"337\" srcset=\"https:\/\/www.aeirmaospassos.pt\/wp-content\/uploads\/2018\/12\/IMG_20181211_165641-1024x768.jpg 1024w, https:\/\/www.aeirmaospassos.pt\/wp-content\/uploads\/2018\/12\/IMG_20181211_165641-300x225.jpg 300w, https:\/\/www.aeirmaospassos.pt\/wp-content\/uploads\/2018\/12\/IMG_20181211_165641-768x576.jpg 768w\" sizes=\"auto, (max-width: 450px) 100vw, 450px\" \/><\/a><\/p>\n<p>&nbsp;<\/p>\n","protected":false},"excerpt":{"rendered":"<p>A Escola B\u00e1sica Irm\u00e3os Passos, foi agraciada com o selo Escola Amiga da Crian\u00e7a, na sua 1\u00aa Edi\u00e7\u00e3o, com o Projeto &#8220;Bem Me Quer&#8221; na sua categoria Forma\u00e7\u00e3o C\u00edvica, no ano letivo de 2017\/2018. O objectivo do &#8220;Bem Me Quer&#8221;&#8230;<\/p>\n","protected":false},"author":1,"featured_media":2851,"comment_status":"closed","ping_status":"closed","sticky":false,"template":"","format":"standard","meta":{"footnotes":""},"categories":[1],"tags":[],"class_list":["post-2849","post","type-post","status-publish","format-standard","has-post-thumbnail","hentry","category-destaques"],"_links":{"self":[{"href":"https:\/\/www.aeirmaospassos.pt\/index.php?rest_route=\/wp\/v2\/posts\/2849","targetHints":{"allow":["GET"]}}],"collection":[{"href":"https:\/\/www.aeirmaospassos.pt\/index.php?rest_route=\/wp\/v2\/posts"}],"about":[{"href":"https:\/\/www.aeirmaospassos.pt\/index.php?rest_route=\/wp\/v2\/types\/post"}],"author":[{"embeddable":true,"href":"https:\/\/www.aeirmaospassos.pt\/index.php?rest_route=\/wp\/v2\/users\/1"}],"replies":[{"embeddable":true,"href":"https:\/\/www.aeirmaospassos.pt\/index.php?rest_route=%2Fwp%2Fv2%2Fcomments&post=2849"}],"version-history":[{"count":3,"href":"https:\/\/www.aeirmaospassos.pt\/index.php?rest_route=\/wp\/v2\/posts\/2849\/revisions"}],"predecessor-version":[{"id":2854,"href":"https:\/\/www.aeirmaospassos.pt\/index.php?rest_route=\/wp\/v2\/posts\/2849\/revisions\/2854"}],"wp:featuredmedia":[{"embeddable":true,"href":"https:\/\/www.aeirmaospassos.pt\/index.php?rest_route=\/wp\/v2\/media\/2851"}],"wp:attachment":[{"href":"https:\/\/www.aeirmaospassos.pt\/index.php?rest_route=%2Fwp%2Fv2%2Fmedia&parent=2849"}],"wp:term":[{"taxonomy":"category","embeddable":true,"href":"https:\/\/www.aeirmaospassos.pt\/index.php?rest_route=%2Fwp%2Fv2%2Fcategories&post=2849"},{"taxonomy":"post_tag","embeddable":true,"href":"https:\/\/www.aeirmaospassos.pt\/index.php?rest_route=%2Fwp%2Fv2%2Ftags&post=2849"}],"curies":[{"name":"wp","href":"https:\/\/api.w.org\/{rel}","templated":true}]}}