{"id":2800,"date":"2018-10-28T23:14:04","date_gmt":"2018-10-28T22:14:04","guid":{"rendered":"http:\/\/www.aeirmaospassos.pt\/?p=2800"},"modified":"2018-10-28T23:17:28","modified_gmt":"2018-10-28T22:17:28","slug":"onda-rosa","status":"publish","type":"post","link":"https:\/\/www.aeirmaospassos.pt\/?p=2800","title":{"rendered":"ONDA ROSA"},"content":{"rendered":"<p>A data \u00e9 celebrada anualmente com o objetivo de promover a consciencializa\u00e7\u00e3o sobre a doen\u00e7a e partilhar informa\u00e7\u00f5es sobre o cancro de mama. Um pouco por todo o mundo, durante este m\u00eas, a cor rosa alastra-se com o objetivo de permitir sensibilizar a popula\u00e7\u00e3o para a tem\u00e1tica da preven\u00e7\u00e3o e diagn\u00f3stico precoce do cancro da mama.<\/p>\n<p><a href=\"http:\/\/www.aeirmaospassos.pt\/wp-content\/uploads\/2018\/10\/EB-Santiago1.jpg\"><img loading=\"lazy\" decoding=\"async\" class=\"wp-image-2801 alignnone\" src=\"http:\/\/www.aeirmaospassos.pt\/wp-content\/uploads\/2018\/10\/EB-Santiago1.jpg\" alt=\"\" width=\"396\" height=\"298\" srcset=\"https:\/\/www.aeirmaospassos.pt\/wp-content\/uploads\/2018\/10\/EB-Santiago1.jpg 626w, https:\/\/www.aeirmaospassos.pt\/wp-content\/uploads\/2018\/10\/EB-Santiago1-300x225.jpg 300w\" sizes=\"auto, (max-width: 396px) 100vw, 396px\" \/><\/a> <a href=\"http:\/\/www.aeirmaospassos.pt\/wp-content\/uploads\/2018\/10\/EB-Santiago2.jpg\"><img loading=\"lazy\" decoding=\"async\" class=\"wp-image-2802 alignright\" src=\"http:\/\/www.aeirmaospassos.pt\/wp-content\/uploads\/2018\/10\/EB-Santiago2-1024x768.jpg\" alt=\"\" width=\"388\" height=\"291\" srcset=\"https:\/\/www.aeirmaospassos.pt\/wp-content\/uploads\/2018\/10\/EB-Santiago2-1024x768.jpg 1024w, https:\/\/www.aeirmaospassos.pt\/wp-content\/uploads\/2018\/10\/EB-Santiago2-300x225.jpg 300w, https:\/\/www.aeirmaospassos.pt\/wp-content\/uploads\/2018\/10\/EB-Santiago2-768x576.jpg 768w, https:\/\/www.aeirmaospassos.pt\/wp-content\/uploads\/2018\/10\/EB-Santiago2.jpg 1243w\" sizes=\"auto, (max-width: 388px) 100vw, 388px\" \/><\/a> <a href=\"http:\/\/www.aeirmaospassos.pt\/wp-content\/uploads\/2018\/10\/FB_IMG_1540763579841.jpg\"><img loading=\"lazy\" decoding=\"async\" class=\"wp-image-2803 alignleft\" src=\"http:\/\/www.aeirmaospassos.pt\/wp-content\/uploads\/2018\/10\/FB_IMG_1540763579841-1024x768.jpg\" alt=\"\" width=\"427\" height=\"320\" srcset=\"https:\/\/www.aeirmaospassos.pt\/wp-content\/uploads\/2018\/10\/FB_IMG_1540763579841-1024x768.jpg 1024w, https:\/\/www.aeirmaospassos.pt\/wp-content\/uploads\/2018\/10\/FB_IMG_1540763579841-300x225.jpg 300w, https:\/\/www.aeirmaospassos.pt\/wp-content\/uploads\/2018\/10\/FB_IMG_1540763579841-768x576.jpg 768w, https:\/\/www.aeirmaospassos.pt\/wp-content\/uploads\/2018\/10\/FB_IMG_1540763579841.jpg 1280w\" sizes=\"auto, (max-width: 427px) 100vw, 427px\" \/><\/a> <a href=\"http:\/\/www.aeirmaospassos.pt\/wp-content\/uploads\/2018\/10\/FB_IMG_1540763592604.jpg\"><img loading=\"lazy\" decoding=\"async\" class=\"wp-image-2804 alignnone\" src=\"http:\/\/www.aeirmaospassos.pt\/wp-content\/uploads\/2018\/10\/FB_IMG_1540763592604.jpg\" alt=\"\" width=\"370\" height=\"370\" srcset=\"https:\/\/www.aeirmaospassos.pt\/wp-content\/uploads\/2018\/10\/FB_IMG_1540763592604.jpg 1024w, https:\/\/www.aeirmaospassos.pt\/wp-content\/uploads\/2018\/10\/FB_IMG_1540763592604-150x150.jpg 150w, https:\/\/www.aeirmaospassos.pt\/wp-content\/uploads\/2018\/10\/FB_IMG_1540763592604-300x300.jpg 300w, https:\/\/www.aeirmaospassos.pt\/wp-content\/uploads\/2018\/10\/FB_IMG_1540763592604-768x768.jpg 768w\" sizes=\"auto, (max-width: 370px) 100vw, 370px\" \/><\/a><\/p>\n","protected":false},"excerpt":{"rendered":"<p>A data \u00e9 celebrada anualmente com o objetivo de promover a consciencializa\u00e7\u00e3o sobre a doen\u00e7a e partilhar informa\u00e7\u00f5es sobre o cancro de mama. Um pouco por todo o mundo, durante este m\u00eas, a cor rosa alastra-se com o objetivo de&#8230;<\/p>\n","protected":false},"author":1,"featured_media":2805,"comment_status":"closed","ping_status":"closed","sticky":false,"template":"","format":"image","meta":{"footnotes":""},"categories":[1],"tags":[],"class_list":["post-2800","post","type-post","status-publish","format-image","has-post-thumbnail","hentry","category-destaques","post_format-post-format-image"],"_links":{"self":[{"href":"https:\/\/www.aeirmaospassos.pt\/index.php?rest_route=\/wp\/v2\/posts\/2800","targetHints":{"allow":["GET"]}}],"collection":[{"href":"https:\/\/www.aeirmaospassos.pt\/index.php?rest_route=\/wp\/v2\/posts"}],"about":[{"href":"https:\/\/www.aeirmaospassos.pt\/index.php?rest_route=\/wp\/v2\/types\/post"}],"author":[{"embeddable":true,"href":"https:\/\/www.aeirmaospassos.pt\/index.php?rest_route=\/wp\/v2\/users\/1"}],"replies":[{"embeddable":true,"href":"https:\/\/www.aeirmaospassos.pt\/index.php?rest_route=%2Fwp%2Fv2%2Fcomments&post=2800"}],"version-history":[{"count":2,"href":"https:\/\/www.aeirmaospassos.pt\/index.php?rest_route=\/wp\/v2\/posts\/2800\/revisions"}],"predecessor-version":[{"id":2807,"href":"https:\/\/www.aeirmaospassos.pt\/index.php?rest_route=\/wp\/v2\/posts\/2800\/revisions\/2807"}],"wp:featuredmedia":[{"embeddable":true,"href":"https:\/\/www.aeirmaospassos.pt\/index.php?rest_route=\/wp\/v2\/media\/2805"}],"wp:attachment":[{"href":"https:\/\/www.aeirmaospassos.pt\/index.php?rest_route=%2Fwp%2Fv2%2Fmedia&parent=2800"}],"wp:term":[{"taxonomy":"category","embeddable":true,"href":"https:\/\/www.aeirmaospassos.pt\/index.php?rest_route=%2Fwp%2Fv2%2Fcategories&post=2800"},{"taxonomy":"post_tag","embeddable":true,"href":"https:\/\/www.aeirmaospassos.pt\/index.php?rest_route=%2Fwp%2Fv2%2Ftags&post=2800"}],"curies":[{"name":"wp","href":"https:\/\/api.w.org\/{rel}","templated":true}]}}