{"id":2734,"date":"2018-09-16T16:04:41","date_gmt":"2018-09-16T15:04:41","guid":{"rendered":"http:\/\/www.aeirmaospassos.pt\/?p=2734"},"modified":"2018-09-16T16:04:41","modified_gmt":"2018-09-16T15:04:41","slug":"e-b-de-sendim-distinguida-com-o-galardao-eco-escolas-2018","status":"publish","type":"post","link":"https:\/\/www.aeirmaospassos.pt\/?p=2734","title":{"rendered":"E.B. de Sendim distinguida com o Galard\u00e3o ECO-ESCOLAS 2018!"},"content":{"rendered":"<p>A E.B. de Sendim foi distinguida com o Galard\u00e3o ECO-ESCOLAS 2018!<br \/>\n&#8220;Em primeiro lugar os nossos PARAB\u00c9NS pelo trabalho realizado em prol da educa\u00e7\u00e3o para a cidadania ambiental, &#8211; enquadrado na metodologia do Programa Eco-Escolas &#8211; que, ap\u00f3s avalia\u00e7\u00e3o da vossa candidatura, resultou na atribui\u00e7\u00e3o do GALARD\u00c3O ECO-ESCOLAS 2018, simbolizado na bandeira verde.<br \/>\nEste reconhecimento \u00e9 simultaneamente um pr\u00e9mio e uma res<span class=\"text_exposed_show\">ponsabilidade: hastear a bandeira Eco-Escolas, \u00e9 informar a comunidade sobre a prioridade que a escola d\u00e1 \u00e0 educa\u00e7\u00e3o ambiental para a sustentabilidade, na forma\u00e7\u00e3o integral dos seus alunos.&#8221;<br \/>\nParab\u00e9ns a todos os envolvidos neste projeto: alunos, pais, professores, funcion\u00e1rios e entidades parceiras.<\/span><\/p>\n<p>&nbsp;<\/p>\n<p><span class=\"text_exposed_show\"><a href=\"http:\/\/www.aeirmaospassos.pt\/wp-content\/uploads\/2017\/12\/EBdeSendim.jpg\"><img loading=\"lazy\" decoding=\"async\" class=\"wp-image-1945 alignleft\" src=\"http:\/\/www.aeirmaospassos.pt\/wp-content\/uploads\/2017\/12\/EBdeSendim.jpg\" alt=\"\" width=\"339\" height=\"254\" srcset=\"https:\/\/www.aeirmaospassos.pt\/wp-content\/uploads\/2017\/12\/EBdeSendim.jpg 709w, https:\/\/www.aeirmaospassos.pt\/wp-content\/uploads\/2017\/12\/EBdeSendim-300x225.jpg 300w\" sizes=\"auto, (max-width: 339px) 100vw, 339px\" \/><\/a><a href=\"http:\/\/www.aeirmaospassos.pt\/wp-content\/uploads\/2018\/09\/010920161547-596-bandeiraeco-escola.jpg\"><img loading=\"lazy\" decoding=\"async\" class=\"wp-image-2736 alignnone\" src=\"http:\/\/www.aeirmaospassos.pt\/wp-content\/uploads\/2018\/09\/010920161547-596-bandeiraeco-escola.jpg\" alt=\"\" width=\"446\" height=\"251\" srcset=\"https:\/\/www.aeirmaospassos.pt\/wp-content\/uploads\/2018\/09\/010920161547-596-bandeiraeco-escola.jpg 480w, https:\/\/www.aeirmaospassos.pt\/wp-content\/uploads\/2018\/09\/010920161547-596-bandeiraeco-escola-300x169.jpg 300w\" sizes=\"auto, (max-width: 446px) 100vw, 446px\" \/><\/a><br \/>\n<\/span><\/p>\n","protected":false},"excerpt":{"rendered":"<p>A E.B. de Sendim foi distinguida com o Galard\u00e3o ECO-ESCOLAS 2018! &#8220;Em primeiro lugar os nossos PARAB\u00c9NS pelo trabalho realizado em prol da educa\u00e7\u00e3o para a cidadania ambiental, &#8211; enquadrado na metodologia do Programa Eco-Escolas &#8211; que, ap\u00f3s avalia\u00e7\u00e3o da&#8230;<\/p>\n","protected":false},"author":1,"featured_media":2735,"comment_status":"closed","ping_status":"closed","sticky":false,"template":"","format":"standard","meta":{"footnotes":""},"categories":[1],"tags":[],"class_list":["post-2734","post","type-post","status-publish","format-standard","has-post-thumbnail","hentry","category-destaques"],"_links":{"self":[{"href":"https:\/\/www.aeirmaospassos.pt\/index.php?rest_route=\/wp\/v2\/posts\/2734","targetHints":{"allow":["GET"]}}],"collection":[{"href":"https:\/\/www.aeirmaospassos.pt\/index.php?rest_route=\/wp\/v2\/posts"}],"about":[{"href":"https:\/\/www.aeirmaospassos.pt\/index.php?rest_route=\/wp\/v2\/types\/post"}],"author":[{"embeddable":true,"href":"https:\/\/www.aeirmaospassos.pt\/index.php?rest_route=\/wp\/v2\/users\/1"}],"replies":[{"embeddable":true,"href":"https:\/\/www.aeirmaospassos.pt\/index.php?rest_route=%2Fwp%2Fv2%2Fcomments&post=2734"}],"version-history":[{"count":1,"href":"https:\/\/www.aeirmaospassos.pt\/index.php?rest_route=\/wp\/v2\/posts\/2734\/revisions"}],"predecessor-version":[{"id":2737,"href":"https:\/\/www.aeirmaospassos.pt\/index.php?rest_route=\/wp\/v2\/posts\/2734\/revisions\/2737"}],"wp:featuredmedia":[{"embeddable":true,"href":"https:\/\/www.aeirmaospassos.pt\/index.php?rest_route=\/wp\/v2\/media\/2735"}],"wp:attachment":[{"href":"https:\/\/www.aeirmaospassos.pt\/index.php?rest_route=%2Fwp%2Fv2%2Fmedia&parent=2734"}],"wp:term":[{"taxonomy":"category","embeddable":true,"href":"https:\/\/www.aeirmaospassos.pt\/index.php?rest_route=%2Fwp%2Fv2%2Fcategories&post=2734"},{"taxonomy":"post_tag","embeddable":true,"href":"https:\/\/www.aeirmaospassos.pt\/index.php?rest_route=%2Fwp%2Fv2%2Ftags&post=2734"}],"curies":[{"name":"wp","href":"https:\/\/api.w.org\/{rel}","templated":true}]}}